{"id":24843,"date":"2026-03-14T14:30:18","date_gmt":"2026-03-14T17:30:18","guid":{"rendered":"https:\/\/laserenaradio.cl\/web\/?p=24843"},"modified":"2026-03-14T14:30:18","modified_gmt":"2026-03-14T17:30:18","slug":"diputado-critica-a-manouchehri-por-denunciar-a-la-primera-dama","status":"publish","type":"post","link":"https:\/\/laserenaradio.cl\/web\/2026\/03\/14\/diputado-critica-a-manouchehri-por-denunciar-a-la-primera-dama\/","title":{"rendered":"Diputado critica a Manouchehri por denunciar a la Primera Dama"},"content":{"rendered":"<p>El diputado Jorge Guzm\u00e1n (Ev\u00f3poli) critic\u00f3 duramente el oficio anunciado por Daniel Manouchehri ante Contralor\u00eda por un almuerzo servido por la primera dama Mar\u00eda P\u00eda Adriasola, calific\u00e1ndolo de \u201crid\u00edculo y torpe\u201d. <\/p>\n<p>El diputado por la regi\u00f3n del Maule cuestion\u00f3 con dureza la decisi\u00f3n del parlamentario socialista de enviar un oficio a la CGR y a la Seremi de Salud, tras el almuerzo que la primera dama, Mar\u00eda P\u00eda Adriasola, sirvi\u00f3 a funcionarios del Palacio de La Moneda. <\/p>\n<p>Guzm\u00e1n sostuvo que la acci\u00f3n anunciada por Manouchehri resulta exagerada y carece de sentido pol\u00edtico. A su juicio, el episodio no amerita una denuncia institucional ni cuestionamientos p\u00fablicos. <\/p>\n<p>\u201cYo encuentro absurdo, podr\u00eda decir varios adjetivos calificativos\u2026 rid\u00edculo, tonto, torpe lo que est\u00e1 haciendo, por ejemplo, el diputado Manouchehri, que pretende denunciar lo que hizo la primera dama\u201d, afirm\u00f3. <\/p>\n<p>El parlamentario del Maule fue a\u00fan m\u00e1s cr\u00edtico al calificar la iniciativa como una muestra de obstrucci\u00f3n pol\u00edtica. \u201cSe convierte en la oposici\u00f3n que est\u00e1 disponible para obstruir de cualquier forma\u201d, se\u00f1al\u00f3. <\/p>\n<p>Guzm\u00e1n insisti\u00f3 en que la controversia solo contribuye a desprestigiar la actividad pol\u00edtica. \u201cCaer en la ridiculez, en la torpeza\u2026 lo que hace el diputado Manouchehri es ridiculizar al pa\u00eds y ridiculizarse a \u00e9l\u201d, afirm\u00f3.<\/p>\n<p><small><i><strong>Aviso de transparencia:<\/strong> Este art\u00edculo ha sido elaborado con la asistencia de Inteligencia Artificial para optimizar el procesamiento de informaci\u00f3n. Sin embargo, todo el contenido ha sido revisado, editado y validado por el equipo period\u00edstico de <strong><a href=\"https:\/\/laserenaradio.cl\/web\/\">LaSerenaRadio.cl<\/a><\/strong>, garantizando nuestra l\u00ednea editorial y veracidad informativa.<\/i><\/small><\/p>\n","protected":false},"excerpt":{"rendered":"<p>El diputado Jorge Guzm\u00e1n (Ev\u00f3poli) critic\u00f3 duramente el oficio anunciado por Daniel Manouchehri ante Contralor\u00eda por un almuerzo servido por la primera dama Mar\u00eda P\u00eda Adriasola, calific\u00e1ndolo de \u201crid\u00edculo y torpe\u201d. El diputado por la regi\u00f3n del Maule cuestion\u00f3 con dureza la decisi\u00f3n del parlamentario socialista de enviar un oficio a la CGR y a [&hellip;]<\/p>\n","protected":false},"author":2,"featured_media":24842,"comment_status":"closed","ping_status":"open","sticky":false,"template":"","format":"standard","meta":{"_jetpack_memberships_contains_paid_content":false,"jnews-multi-image_gallery":[],"jnews_single_post":[],"jnews_primary_category":[],"jnews_social_meta":[],"jnews_paywall_metabox":[],"jnews_review":[],"enable_review":"","type":"","name":"","summary":"","brand":"","sku":"","good":[],"bad":[],"score_override":"","override_value":"","rating":[],"price":[],"jnews_override_counter":[],"jnews_post_split":[],"footnotes":""},"categories":[83],"tags":[],"class_list":["post-24843","post","type-post","status-publish","format-standard","has-post-thumbnail","hentry","category-politica"],"jetpack_featured_media_url":"https:\/\/laserenaradio.cl\/web\/wp-content\/uploads\/2026\/03\/mediapiaiextstaticimg_webpDiputadoManouchehri_0.webp","jetpack_sharing_enabled":true,"_links":{"self":[{"href":"https:\/\/laserenaradio.cl\/web\/wp-json\/wp\/v2\/posts\/24843","targetHints":{"allow":["GET"]}}],"collection":[{"href":"https:\/\/laserenaradio.cl\/web\/wp-json\/wp\/v2\/posts"}],"about":[{"href":"https:\/\/laserenaradio.cl\/web\/wp-json\/wp\/v2\/types\/post"}],"author":[{"embeddable":true,"href":"https:\/\/laserenaradio.cl\/web\/wp-json\/wp\/v2\/users\/2"}],"replies":[{"embeddable":true,"href":"https:\/\/laserenaradio.cl\/web\/wp-json\/wp\/v2\/comments?post=24843"}],"version-history":[{"count":1,"href":"https:\/\/laserenaradio.cl\/web\/wp-json\/wp\/v2\/posts\/24843\/revisions"}],"predecessor-version":[{"id":24844,"href":"https:\/\/laserenaradio.cl\/web\/wp-json\/wp\/v2\/posts\/24843\/revisions\/24844"}],"wp:featuredmedia":[{"embeddable":true,"href":"https:\/\/laserenaradio.cl\/web\/wp-json\/wp\/v2\/media\/24842"}],"wp:attachment":[{"href":"https:\/\/laserenaradio.cl\/web\/wp-json\/wp\/v2\/media?parent=24843"}],"wp:term":[{"taxonomy":"category","embeddable":true,"href":"https:\/\/laserenaradio.cl\/web\/wp-json\/wp\/v2\/categories?post=24843"},{"taxonomy":"post_tag","embeddable":true,"href":"https:\/\/laserenaradio.cl\/web\/wp-json\/wp\/v2\/tags?post=24843"}],"curies":[{"name":"wp","href":"https:\/\/api.w.org\/{rel}","templated":true}]}}