{"id":24840,"date":"2026-03-14T14:22:40","date_gmt":"2026-03-14T17:22:40","guid":{"rendered":"https:\/\/laserenaradio.cl\/web\/?p=24840"},"modified":"2026-03-14T14:22:40","modified_gmt":"2026-03-14T17:22:40","slug":"fiscalia-solicita-reformalizar-causa-por-fraude-al-fisco-en-que-uno-de-los-imputados-es-parlamentario","status":"publish","type":"post","link":"https:\/\/laserenaradio.cl\/web\/2026\/03\/14\/fiscalia-solicita-reformalizar-causa-por-fraude-al-fisco-en-que-uno-de-los-imputados-es-parlamentario\/","title":{"rendered":"Fiscal\u00eda solicita reformalizar causa por fraude al fisco en que uno de los imputados es parlamentario"},"content":{"rendered":"<p>La Fiscal\u00eda Regional de Ays\u00e9n solicit\u00f3 al Juzgado de Garant\u00eda de Coyhaique la realizaci\u00f3n de una audiencia para reformalizar la investigaci\u00f3n seguida en contra del ahora Senador Miguel \u00c1ngel Calisto \u00c1guila, as\u00ed como en contra de Roland Andr\u00e9s C\u00e1rcamo Catal\u00e1n y Carla Nicole Graff Toledo, entre otros, en una causa por fraude al Fisco\u00a0en car\u00e1cter de reiterado. La audiencia, que fue fijada por el Juzgado de Garant\u00eda de Coyhaique para el 21 de abril a las 09.00 horas, tiene por finalidad precisar el monto total del perjuicio fiscal.<\/p>\n<p>De acuerdo a los hechos de la formalizaci\u00f3n, expuestos el 14 de enero pasado por el Fiscal Regional de Ays\u00e9n, Hern\u00e1n Libedinsky Moscovich, durante el per\u00edodo comprendido entre 2018 y 2022, el entonces Diputado Miguel \u00c1ngel Calisto, se concert\u00f3 con el imputado Roland C\u00e1rcamo Catal\u00e1n y con la imputada Carla Graf Toledo, para obtener recursos de manera fraudulenta de parte del Fisco, a trav\u00e9s de un mecanismo defraudatorio en perjuicio del Congreso Nacional, originando una p\u00e9rdida de $103.664.697, de acuerdo a lo establecido -hasta ese momento- en los peritajes.<\/p>\n<p>Dichos imputados utilizaron el mecanismo de contrataci\u00f3n de Carla Graf como asesora parlamentaria del Diputado Calisto, por instrucciones de este, quien realiz\u00f3 las gestiones necesarias ante la C\u00e1mara de Diputados para materializar su contrataci\u00f3n, a sabiendas que ella no cumplir\u00eda con ninguna de las obligaciones para las cuales fue contratada, seg\u00fan lo expresado en la audiencia.<\/p>\n<p>En definitiva, Graf Toledo recibi\u00f3 fraudulentamente ingresos durante ese per\u00edodo por parte del Fisco de Chile, sin que prestara ning\u00fan tipo de trabajo ni asesor\u00eda.<\/p>\n<p>Las sumas de dinero percibidas por la imputada Carla Graf, expres\u00f3 la Fiscal\u00eda en la audiencia, fueron destinadas a beneficio personal tanto de Roland C\u00e1rcamo Catal\u00e1n como del Diputado Miguel \u00c1ngel Calisto como, asimismo, de terceras personas vinculadas a un partido pol\u00edtico, entre las que se encuentra el imputado Felipe Klein Vidal, quien particip\u00f3 en la \u00e9poca en que percibi\u00f3 los fondos como candidato a Gobernador y Consejero Regional de Ays\u00e9n.<\/p>\n<p>Las diligencias investigativas de esta causa han sido realizadas con apoyo de la Brigada de Delitos Econ\u00f3micos de la Polic\u00eda de Investigaciones de Chile y la Unidad Especializada Anticorrupci\u00f3n, Lavado de Activos y Probidad Interna (UNAC) de la Fiscal\u00eda Nacional.<\/p>\n<p>AGRUPACI\u00d3N DE CAUSAS<\/p>\n<p>Asimismo, el Ministerio P\u00fablico resolvi\u00f3 agrupar a esta causa original otras dos investigaciones por fraude al Fisco, donde hay 5 personas formalizadas, entre los que se incluyen a dos imputados de la causa previamente mencionada, por cuanto los modus operandi o formas de comisi\u00f3n de los il\u00edcitos presentan caracter\u00edsticas similares en cuanto a su forma de ejecuci\u00f3n, obteniendo -en esta ocasi\u00f3n- dineros provenientes de los fondos concursables del 8% FNDR del Gobierno Regional de Ays\u00e9n.<\/p>\n<p>En total, por los cuatro proyectos fraudulentos investigados, los imputados recibieron montos superiores a los 32 millones de pesos por parte del Gobierno Regional de Ays\u00e9n. En una audiencia fijada para el 1\u00b0 de abril, se formalizar\u00e1 a una sexta imputada en esta arista.<\/p>\n<p>Actualmente, el imputado Roland C\u00e1rcamo Catal\u00e1n se encuentra sujeto a la medida cautelar de prisi\u00f3n preventiva, desde el 6 de febrero pasado, tras apelaci\u00f3n presentada por el Ministerio P\u00fablico ante la Corte de Apelaciones de Coyhaique, en tanto que la imputada Carla Graf Toledo permanece con arresto domicilio total.<\/p>\n<p>Finalmente, cabe recordar que tanto la Excelent\u00edsima Corte Suprema como la Ilustr\u00edsima Corte de Apelaciones de Coyhaique, ya declararon haber lugar a la formaci\u00f3n de causa respecto de los actos realizados por Miguel \u00c1ngel Calisto en su condici\u00f3n de Diputado por los hechos ocurridos entre 2018 y 2022 y que, a juicio de la Fiscal\u00eda, son constitutivos de delitos reiterados de fraude al Fisco.<\/p>\n","protected":false},"excerpt":{"rendered":"<p>La Fiscal\u00eda Regional de Ays\u00e9n solicit\u00f3 al Juzgado de Garant\u00eda de Coyhaique la realizaci\u00f3n de una audiencia para reformalizar la investigaci\u00f3n seguida en contra del ahora Senador Miguel \u00c1ngel Calisto \u00c1guila, as\u00ed como en contra de Roland Andr\u00e9s C\u00e1rcamo Catal\u00e1n y Carla Nicole Graff Toledo, entre otros, en una causa por fraude al Fisco\u00a0en car\u00e1cter [&hellip;]<\/p>\n","protected":false},"author":2,"featured_media":24839,"comment_status":"closed","ping_status":"open","sticky":false,"template":"","format":"standard","meta":{"_jetpack_memberships_contains_paid_content":false,"jnews-multi-image_gallery":[],"jnews_single_post":[],"jnews_primary_category":[],"jnews_social_meta":[],"jnews_paywall_metabox":[],"jnews_review":[],"enable_review":"","type":"","name":"","summary":"","brand":"","sku":"","good":[],"bad":[],"score_override":"","override_value":"","rating":[],"price":[],"jnews_override_counter":[],"jnews_post_split":[],"footnotes":""},"categories":[21],"tags":[],"class_list":["post-24840","post","type-post","status-publish","format-standard","has-post-thumbnail","hentry","category-nacional"],"jetpack_featured_media_url":"https:\/\/laserenaradio.cl\/web\/wp-content\/uploads\/2026\/03\/mediapiaiextstaticimg_webpFiscaliacausaaudienciaFiscoCoyhaique_source-scaled.webp","jetpack_sharing_enabled":true,"_links":{"self":[{"href":"https:\/\/laserenaradio.cl\/web\/wp-json\/wp\/v2\/posts\/24840","targetHints":{"allow":["GET"]}}],"collection":[{"href":"https:\/\/laserenaradio.cl\/web\/wp-json\/wp\/v2\/posts"}],"about":[{"href":"https:\/\/laserenaradio.cl\/web\/wp-json\/wp\/v2\/types\/post"}],"author":[{"embeddable":true,"href":"https:\/\/laserenaradio.cl\/web\/wp-json\/wp\/v2\/users\/2"}],"replies":[{"embeddable":true,"href":"https:\/\/laserenaradio.cl\/web\/wp-json\/wp\/v2\/comments?post=24840"}],"version-history":[{"count":1,"href":"https:\/\/laserenaradio.cl\/web\/wp-json\/wp\/v2\/posts\/24840\/revisions"}],"predecessor-version":[{"id":24841,"href":"https:\/\/laserenaradio.cl\/web\/wp-json\/wp\/v2\/posts\/24840\/revisions\/24841"}],"wp:featuredmedia":[{"embeddable":true,"href":"https:\/\/laserenaradio.cl\/web\/wp-json\/wp\/v2\/media\/24839"}],"wp:attachment":[{"href":"https:\/\/laserenaradio.cl\/web\/wp-json\/wp\/v2\/media?parent=24840"}],"wp:term":[{"taxonomy":"category","embeddable":true,"href":"https:\/\/laserenaradio.cl\/web\/wp-json\/wp\/v2\/categories?post=24840"},{"taxonomy":"post_tag","embeddable":true,"href":"https:\/\/laserenaradio.cl\/web\/wp-json\/wp\/v2\/tags?post=24840"}],"curies":[{"name":"wp","href":"https:\/\/api.w.org\/{rel}","templated":true}]}}