{"id":24834,"date":"2026-03-14T10:29:37","date_gmt":"2026-03-14T13:29:37","guid":{"rendered":"https:\/\/laserenaradio.cl\/web\/?p=24834"},"modified":"2026-03-14T10:29:37","modified_gmt":"2026-03-14T13:29:37","slug":"hombre-de-26-anos-muere-en-enfrentamiento-con-carabineros-en-san-bernardo","status":"publish","type":"post","link":"https:\/\/laserenaradio.cl\/web\/2026\/03\/14\/hombre-de-26-anos-muere-en-enfrentamiento-con-carabineros-en-san-bernardo\/","title":{"rendered":"Hombre de 26 a\u00f1os muere en enfrentamiento con Carabineros en San Bernardo."},"content":{"rendered":"<p>Un procedimiento policial ocurrido en la noche del viernes en la comuna de San Bernardo termin\u00f3 con la vida de un hombre de 26 a\u00f1os. El incidente se registr\u00f3 en la intersecci\u00f3n de calle Paso Drake con Santa Carolina, despu\u00e9s de que personal de la Secci\u00f3n de Investigaci\u00f3n Policial (SIP) de <a href=\"https:\/\/www.carabineros.cl\/\">Carabineros<\/a> llevara a cabo una fiscalizaci\u00f3n vehicular.<\/p>\n<p>El teniente coronel Pablo Hern\u00e1ndez, subprefecto de los servicios de la Prefectura del Maipo, indic\u00f3 que &#8220;este hecho ocurri\u00f3 cerca de las 21:00 horas, durante fiscalizaciones. Se intent\u00f3 controlar a un conductor, lo que gener\u00f3 un seguimiento. Un carabinero efectu\u00f3 el uso de su armamento, resultando en la muerte del conductor, un lamentable suceso&#8221;.<\/p>\n<p>Diferentes versiones sobre el incidente surgieron de los vecinos del sector. Seg\u00fan testigos, la v\u00edctima se asust\u00f3 al notar un seguimiento, ya que los funcionarios vest\u00edan de civil y no portaban identificaci\u00f3n visible, sugiriendo que temi\u00f3 una posible encerrona.<\/p>\n<p>El fiscal Patricio Rosas, de la <a href=\"https:\/\/www.fiscaliadechile.cl\/\">Fiscal\u00eda<\/a> Flagrancia Metropolitana Occidente, inform\u00f3 que el cuerpo del fallecido presenta un impacto bal\u00edstico. Indic\u00f3 que ha dispuesto la presencia de peritos para realizar una investigaci\u00f3n minuciosa, incluyendo la recopilaci\u00f3n de huellas, peritos bal\u00edsticos, peritos mec\u00e1nicos en relaci\u00f3n con el veh\u00edculo involucrado, y planim\u00e9trico y fotogr\u00e1fico.<\/p>\n<p>Adem\u00e1s, el fiscal destac\u00f3 que est\u00e1 trabajando con OS9 de <a href=\"https:\/\/www.carabineros.cl\/\">Carabineros<\/a>, una unidad especializada en la investigaci\u00f3n de muertes violentas, junto con la Direcci\u00f3n de Asuntos Internos de <a href=\"https:\/\/www.carabineros.cl\/\">Carabineros<\/a> y el Servicio de Encargo y B\u00fasqueda de Veh\u00edculos Motorizados (SEBV), para llevar a cabo una investigaci\u00f3n completa.<\/p>\n<p><small><i><strong>Aviso de transparencia:<\/strong> Este art\u00edculo ha sido elaborado con la asistencia de Inteligencia Artificial para optimizar el procesamiento de informaci\u00f3n. Sin embargo, todo el contenido ha sido revisado, editado y validado por el equipo period\u00edstico de <strong><a href=\"https:\/\/laserenaradio.cl\/web\/\">LaSerenaRadio.cl<\/a><\/strong>, garantizando nuestra l\u00ednea editorial y veracidad informativa.<\/i><\/small><\/p>\n","protected":false},"excerpt":{"rendered":"<p>Un procedimiento policial ocurrido en la noche del viernes en la comuna de San Bernardo termin\u00f3 con la vida de un hombre de 26 a\u00f1os. El incidente se registr\u00f3 en la intersecci\u00f3n de calle Paso Drake con Santa Carolina, despu\u00e9s de que personal de la Secci\u00f3n de Investigaci\u00f3n Policial (SIP) de Carabineros llevara a cabo [&hellip;]<\/p>\n","protected":false},"author":2,"featured_media":24833,"comment_status":"closed","ping_status":"open","sticky":false,"template":"","format":"standard","meta":{"_jetpack_memberships_contains_paid_content":false,"jnews-multi-image_gallery":[],"jnews_single_post":[],"jnews_primary_category":[],"jnews_social_meta":[],"jnews_paywall_metabox":[],"jnews_review":[],"enable_review":"","type":"","name":"","summary":"","brand":"","sku":"","good":[],"bad":[],"score_override":"","override_value":"","rating":[],"price":[],"jnews_override_counter":[],"jnews_post_split":[],"footnotes":""},"categories":[21],"tags":[],"class_list":["post-24834","post","type-post","status-publish","format-standard","has-post-thumbnail","hentry","category-nacional"],"jetpack_featured_media_url":"https:\/\/laserenaradio.cl\/web\/wp-content\/uploads\/2026\/03\/mediapiaiextstaticimg_webpCarabineroscarabinerosperitosSanBernardo_1.webp","jetpack_sharing_enabled":true,"_links":{"self":[{"href":"https:\/\/laserenaradio.cl\/web\/wp-json\/wp\/v2\/posts\/24834","targetHints":{"allow":["GET"]}}],"collection":[{"href":"https:\/\/laserenaradio.cl\/web\/wp-json\/wp\/v2\/posts"}],"about":[{"href":"https:\/\/laserenaradio.cl\/web\/wp-json\/wp\/v2\/types\/post"}],"author":[{"embeddable":true,"href":"https:\/\/laserenaradio.cl\/web\/wp-json\/wp\/v2\/users\/2"}],"replies":[{"embeddable":true,"href":"https:\/\/laserenaradio.cl\/web\/wp-json\/wp\/v2\/comments?post=24834"}],"version-history":[{"count":1,"href":"https:\/\/laserenaradio.cl\/web\/wp-json\/wp\/v2\/posts\/24834\/revisions"}],"predecessor-version":[{"id":24835,"href":"https:\/\/laserenaradio.cl\/web\/wp-json\/wp\/v2\/posts\/24834\/revisions\/24835"}],"wp:featuredmedia":[{"embeddable":true,"href":"https:\/\/laserenaradio.cl\/web\/wp-json\/wp\/v2\/media\/24833"}],"wp:attachment":[{"href":"https:\/\/laserenaradio.cl\/web\/wp-json\/wp\/v2\/media?parent=24834"}],"wp:term":[{"taxonomy":"category","embeddable":true,"href":"https:\/\/laserenaradio.cl\/web\/wp-json\/wp\/v2\/categories?post=24834"},{"taxonomy":"post_tag","embeddable":true,"href":"https:\/\/laserenaradio.cl\/web\/wp-json\/wp\/v2\/tags?post=24834"}],"curies":[{"name":"wp","href":"https:\/\/api.w.org\/{rel}","templated":true}]}}