{"id":24831,"date":"2026-03-14T10:25:35","date_gmt":"2026-03-14T13:25:35","guid":{"rendered":"https:\/\/laserenaradio.cl\/web\/?p=24831"},"modified":"2026-03-14T10:25:35","modified_gmt":"2026-03-14T13:25:35","slug":"gobierno-de-chile-nombro-a-nuevos-delegados-presidenciales-provinciales","status":"publish","type":"post","link":"https:\/\/laserenaradio.cl\/web\/2026\/03\/14\/gobierno-de-chile-nombro-a-nuevos-delegados-presidenciales-provinciales\/","title":{"rendered":"Gobierno de Chile nombr\u00f3 a nuevos delegados presidenciales provinciales."},"content":{"rendered":"<p>El gobierno de Jos\u00e9 Antonio Kast ha anunciado la lista completa de delegados presidenciales provinciales, abarcando desde el norte hasta el sur del pa\u00eds. Sebasti\u00e1n Huerta y Karen Heyne Bolados ser\u00e1n los encargados de Parinacota y Tamarugal, respectivamente. Cristi\u00e1n Ram\u00edrez y Daniela Vecchiola estar\u00e1n a cargo de El Loa y Tocopilla en la regi\u00f3n de Antofagasta. Juan Donoso y Sebasti\u00e1n Urrejola fueron nombrados en Huasco y Cha\u00f1aral de Atacama, mientras que Ivonne Guerra y Cristi\u00e1n Rondanelli representar\u00e1n a Limar\u00ed y Choapa en Coquimbo.<\/p>\n<p>En la zona central, Pilar Cuevas y Soledad Loyola asumir\u00e1n sus funciones en Quillota y San Antonio. Sebasti\u00e1n Caldera, Ricardo Figueroa y Andr\u00e9s Soza se encargan de San Felipe, Los Andes y Petorca en la regi\u00f3n de Valpara\u00edso, con destacada presencia de Mai Teao en Isla de Pascua y Gonzalo Azancot en Marga Marga.<\/p>\n<p>La Regi\u00f3n Metropolitana tendr\u00e1 a Mar\u00eda Francisca Rubio en Maipo, Mar\u00eda Ang\u00e9lica Villadangos en Cordillera, Anne Marie M\u00fcller en Talagante, Gast\u00f3n Levuy en Melipilla y Crist\u00f3bal Saavedra en Chacabuco. En la zona sur, Mauricio Donoso y Patricio Arenas liderar\u00e1n Colchagua y Cardenal Caro en O\u2019Higgins, mientras que Cristi\u00e1n Gonz\u00e1lez, \u00d3scar \u00c1guila y Sim\u00f3n Recabal asumir\u00e1n sus roles en Linares, Curic\u00f3 y Cauquenes en el Maule. Tom\u00e1s Landaeta y Crist\u00f3bal Jardua representar\u00e1n a Itata y Punilla en \u00d1uble.<\/p>\n<p>El B\u00edo B\u00edo contar\u00e1 con Juan Pablo Mellado y Pedro Marileo en B\u00edo B\u00edo y Arauco, respectivamente, mientras que V\u00edctor Manoli y \u00c1lex Valderrama se asumir\u00e1n en Malleco y Ranco en La Araucan\u00eda. Alejandro Rehbein, Fernando B\u00f3rquez y Marcelo Cifuentes representar\u00e1n a Osorno, Chilo\u00e9 y Palena en Los Lagos. Por \u00faltimo, Eligio Montecinos, Jorge Abello y Roberto Recabal liderar\u00e1n Ays\u00e9n, General Carrera y Capit\u00e1n Prat en Ays\u00e9n, y Liber Lazo, Margarita Norambuena y Rodolfo Moncada en \u00daltima Esperanza, Tierra del Fuego y la Ant\u00e1rtica chilena en Magallanes.<\/p>\n<p>Estos nuevos delegados deben asumir sus funciones en los pr\u00f3ximos d\u00edas, seg\u00fan confirm\u00f3 el gobierno.<\/p>\n<p><small><i><strong>Aviso de transparencia:<\/strong> Este art\u00edculo ha sido elaborado con la asistencia de Inteligencia Artificial para optimizar el procesamiento de informaci\u00f3n. Sin embargo, todo el contenido ha sido revisado, editado y validado por el equipo period\u00edstico de <strong><a href=\"https:\/\/laserenaradio.cl\/web\/\">LaSerenaRadio.cl<\/a><\/strong>, garantizando nuestra l\u00ednea editorial y veracidad informativa.<\/i><\/small><\/p>\n","protected":false},"excerpt":{"rendered":"<p>El gobierno de Jos\u00e9 Antonio Kast ha anunciado la lista completa de delegados presidenciales provinciales, abarcando desde el norte hasta el sur del pa\u00eds. Sebasti\u00e1n Huerta y Karen Heyne Bolados ser\u00e1n los encargados de Parinacota y Tamarugal, respectivamente. Cristi\u00e1n Ram\u00edrez y Daniela Vecchiola estar\u00e1n a cargo de El Loa y Tocopilla en la regi\u00f3n de [&hellip;]<\/p>\n","protected":false},"author":2,"featured_media":9076,"comment_status":"closed","ping_status":"open","sticky":false,"template":"","format":"standard","meta":{"_jetpack_memberships_contains_paid_content":false,"jnews-multi-image_gallery":[],"jnews_single_post":[],"jnews_primary_category":[],"jnews_social_meta":[],"jnews_paywall_metabox":[],"jnews_review":[],"enable_review":"","type":"","name":"","summary":"","brand":"","sku":"","good":[],"bad":[],"score_override":"","override_value":"","rating":[],"price":[],"jnews_override_counter":[],"jnews_post_split":[],"footnotes":""},"categories":[83],"tags":[],"class_list":["post-24831","post","type-post","status-publish","format-standard","has-post-thumbnail","hentry","category-politica"],"jetpack_featured_media_url":"https:\/\/laserenaradio.cl\/web\/wp-content\/uploads\/2024\/12\/laserenaradio_nacional.webp","jetpack_sharing_enabled":true,"_links":{"self":[{"href":"https:\/\/laserenaradio.cl\/web\/wp-json\/wp\/v2\/posts\/24831","targetHints":{"allow":["GET"]}}],"collection":[{"href":"https:\/\/laserenaradio.cl\/web\/wp-json\/wp\/v2\/posts"}],"about":[{"href":"https:\/\/laserenaradio.cl\/web\/wp-json\/wp\/v2\/types\/post"}],"author":[{"embeddable":true,"href":"https:\/\/laserenaradio.cl\/web\/wp-json\/wp\/v2\/users\/2"}],"replies":[{"embeddable":true,"href":"https:\/\/laserenaradio.cl\/web\/wp-json\/wp\/v2\/comments?post=24831"}],"version-history":[{"count":1,"href":"https:\/\/laserenaradio.cl\/web\/wp-json\/wp\/v2\/posts\/24831\/revisions"}],"predecessor-version":[{"id":24832,"href":"https:\/\/laserenaradio.cl\/web\/wp-json\/wp\/v2\/posts\/24831\/revisions\/24832"}],"wp:featuredmedia":[{"embeddable":true,"href":"https:\/\/laserenaradio.cl\/web\/wp-json\/wp\/v2\/media\/9076"}],"wp:attachment":[{"href":"https:\/\/laserenaradio.cl\/web\/wp-json\/wp\/v2\/media?parent=24831"}],"wp:term":[{"taxonomy":"category","embeddable":true,"href":"https:\/\/laserenaradio.cl\/web\/wp-json\/wp\/v2\/categories?post=24831"},{"taxonomy":"post_tag","embeddable":true,"href":"https:\/\/laserenaradio.cl\/web\/wp-json\/wp\/v2\/tags?post=24831"}],"curies":[{"name":"wp","href":"https:\/\/api.w.org\/{rel}","templated":true}]}}