{"id":24829,"date":"2026-03-14T09:55:46","date_gmt":"2026-03-14T12:55:46","guid":{"rendered":"https:\/\/laserenaradio.cl\/web\/?p=24829"},"modified":"2026-03-14T09:55:46","modified_gmt":"2026-03-14T12:55:46","slug":"kast-podria-visitar-puerto-varas-por-el-caso-de-un-carabinero","status":"publish","type":"post","link":"https:\/\/laserenaradio.cl\/web\/2026\/03\/14\/kast-podria-visitar-puerto-varas-por-el-caso-de-un-carabinero\/","title":{"rendered":"Kast podr\u00eda visitar Puerto Varas por el caso de un carabinero"},"content":{"rendered":"<p>En evaluaci\u00f3n est\u00e1 una posible visita del presidente Jos\u00e9 Antonio Kast a Puerto Varas. El sargento segundo Javier Figueroa, quien sufri\u00f3 un ataque violento en marzo, permanece conectado a ventilaci\u00f3n mec\u00e1nica con diagn\u00f3stico de muerte cerebral en la UCI del Hospital de Puerto Montt.<\/p>\n<p>El pasado 11 de marzo, Figueroa fue baleado en la cabeza mientras realizaba un operativo. A\u00fan no se han logrado identificar y capturar a los responsables del ataque, que se investiga reservadamente por el Ministerio P\u00fablico y la Polic\u00eda de Investigaciones (<a href=\"https:\/\/www.pdichile.cl\/\">PDI<\/a>).<\/p>\n<p>Cristian Palma, delegado presidencial de la regi\u00f3n de Los Lagos, confirm\u00f3 que est\u00e1 en evaluaci\u00f3n una posible visita del presidente Kast. Las autoridades de gobierno est\u00e1n dispuestas a acudir al terreno en caso de que las circunstancias lo ameriten.<\/p>\n<p>A la ciudadan\u00eda se le pide informaci\u00f3n que pueda ayudar a dar con los responsables del ataque contra el carabinero Figueroa. Seg\u00fan ha informado la <a href=\"https:\/\/www.pdichile.cl\/\">PDI<\/a>, se encontr\u00f3 evidencia bal\u00edstica que est\u00e1 siendo periciada para establecer su posible vinculaci\u00f3n con el incidente.<\/p>\n<p><small><i><strong>Aviso de transparencia:<\/strong> Este art\u00edculo ha sido elaborado con la asistencia de Inteligencia Artificial para optimizar el procesamiento de informaci\u00f3n. Sin embargo, todo el contenido ha sido revisado, editado y validado por el equipo period\u00edstico de <strong><a href=\"https:\/\/laserenaradio.cl\/web\/\">LaSerenaRadio.cl<\/a><\/strong>, garantizando nuestra l\u00ednea editorial y veracidad informativa.<\/i><\/small><\/p>\n","protected":false},"excerpt":{"rendered":"<p>En evaluaci\u00f3n est\u00e1 una posible visita del presidente Jos\u00e9 Antonio Kast a Puerto Varas. El sargento segundo Javier Figueroa, quien sufri\u00f3 un ataque violento en marzo, permanece conectado a ventilaci\u00f3n mec\u00e1nica con diagn\u00f3stico de muerte cerebral en la UCI del Hospital de Puerto Montt. El pasado 11 de marzo, Figueroa fue baleado en la cabeza [&hellip;]<\/p>\n","protected":false},"author":2,"featured_media":24828,"comment_status":"closed","ping_status":"open","sticky":false,"template":"","format":"standard","meta":{"_jetpack_memberships_contains_paid_content":false,"jnews-multi-image_gallery":[],"jnews_single_post":[],"jnews_primary_category":[],"jnews_social_meta":[],"jnews_paywall_metabox":[],"jnews_review":[],"enable_review":"","type":"","name":"","summary":"","brand":"","sku":"","good":[],"bad":[],"score_override":"","override_value":"","rating":[],"price":[],"jnews_override_counter":[],"jnews_post_split":[],"footnotes":""},"categories":[21],"tags":[],"class_list":["post-24829","post","type-post","status-publish","format-standard","has-post-thumbnail","hentry","category-nacional"],"jetpack_featured_media_url":"https:\/\/laserenaradio.cl\/web\/wp-content\/uploads\/2026\/03\/mediapiaiextstaticimg_webpayudaCubaKastpresidente_0-2.webp","jetpack_sharing_enabled":true,"_links":{"self":[{"href":"https:\/\/laserenaradio.cl\/web\/wp-json\/wp\/v2\/posts\/24829","targetHints":{"allow":["GET"]}}],"collection":[{"href":"https:\/\/laserenaradio.cl\/web\/wp-json\/wp\/v2\/posts"}],"about":[{"href":"https:\/\/laserenaradio.cl\/web\/wp-json\/wp\/v2\/types\/post"}],"author":[{"embeddable":true,"href":"https:\/\/laserenaradio.cl\/web\/wp-json\/wp\/v2\/users\/2"}],"replies":[{"embeddable":true,"href":"https:\/\/laserenaradio.cl\/web\/wp-json\/wp\/v2\/comments?post=24829"}],"version-history":[{"count":1,"href":"https:\/\/laserenaradio.cl\/web\/wp-json\/wp\/v2\/posts\/24829\/revisions"}],"predecessor-version":[{"id":24830,"href":"https:\/\/laserenaradio.cl\/web\/wp-json\/wp\/v2\/posts\/24829\/revisions\/24830"}],"wp:featuredmedia":[{"embeddable":true,"href":"https:\/\/laserenaradio.cl\/web\/wp-json\/wp\/v2\/media\/24828"}],"wp:attachment":[{"href":"https:\/\/laserenaradio.cl\/web\/wp-json\/wp\/v2\/media?parent=24829"}],"wp:term":[{"taxonomy":"category","embeddable":true,"href":"https:\/\/laserenaradio.cl\/web\/wp-json\/wp\/v2\/categories?post=24829"},{"taxonomy":"post_tag","embeddable":true,"href":"https:\/\/laserenaradio.cl\/web\/wp-json\/wp\/v2\/tags?post=24829"}],"curies":[{"name":"wp","href":"https:\/\/api.w.org\/{rel}","templated":true}]}}