{"id":24823,"date":"2026-03-13T22:39:37","date_gmt":"2026-03-14T01:39:37","guid":{"rendered":"https:\/\/laserenaradio.cl\/web\/?p=24823"},"modified":"2026-03-13T22:39:37","modified_gmt":"2026-03-14T01:39:37","slug":"emiten-una-alerta-por-precipitaciones-moderadas-a-fuertes-con-isoterma-cero-alta-en-zonas-de-las-regiones-del-maule-nuble-y-biobio","status":"publish","type":"post","link":"https:\/\/laserenaradio.cl\/web\/2026\/03\/13\/emiten-una-alerta-por-precipitaciones-moderadas-a-fuertes-con-isoterma-cero-alta-en-zonas-de-las-regiones-del-maule-nuble-y-biobio\/","title":{"rendered":"Emiten una Alerta por Precipitaciones Moderadas a Fuertes con Isoterma Cero Alta en zonas de las regiones del Maule, \u00d1uble y Biob\u00edo"},"content":{"rendered":"<p>Desde la Direcci\u00f3n Meteorol\u00f3gica de Chile (DMC), emitieron la Alerta AA58\/2026 por Precipitaciones con Isoterma Cero Alta debido a la condici\u00f3n sin\u00f3ptica Sistema frontal.<\/p>\n<p>La <a href=\"http:\/\/www.meteochile.gob.cl\/PortalDMC-web\/index.xhtml\" rel=\"nofollow\">Direcci\u00f3n Meteorol\u00f3gica de Chile<\/a>, indica que este fen\u00f3meno se encontrar\u00e1 vigente desde <strong>la madrugada del domingo 15 de marzo del 2026<\/strong> y hasta <strong>la noche del lunes 16 de marzo del 2026<\/strong>.<\/p>\n<p>Las zonas afectadas por la condici\u00f3n ser\u00edan: Maule (Precordillera, Cordillera)<br \/>\u00d1uble (Precordillera, Cordillera)<br \/>Biob\u00edo (Precordillera, Cordillera)<\/p>\n<p>Debido a esta condici\u00f3n, se llama a tener precauci\u00f3n por la Alerta vigente por Precipitaciones Moderadas a Fuertes con Isoterma Cero Alta en zonas de las regiones del Maule, \u00d1uble y Biob\u00edo.<\/p>\n","protected":false},"excerpt":{"rendered":"<p>Desde la Direcci\u00f3n Meteorol\u00f3gica de Chile (DMC), emitieron la Alerta AA58\/2026 por Precipitaciones con Isoterma Cero Alta debido a la condici\u00f3n sin\u00f3ptica Sistema frontal. La Direcci\u00f3n Meteorol\u00f3gica de Chile, indica que este fen\u00f3meno se encontrar\u00e1 vigente desde la madrugada del domingo 15 de marzo del 2026 y hasta la noche del lunes 16 de marzo [&hellip;]<\/p>\n","protected":false},"author":2,"featured_media":24822,"comment_status":"closed","ping_status":"open","sticky":false,"template":"","format":"standard","meta":{"_jetpack_memberships_contains_paid_content":false,"jnews-multi-image_gallery":[],"jnews_single_post":[],"jnews_primary_category":[],"jnews_social_meta":[],"jnews_paywall_metabox":[],"jnews_review":[],"enable_review":"","type":"","name":"","summary":"","brand":"","sku":"","good":[],"bad":[],"score_override":"","override_value":"","rating":[],"price":[],"jnews_override_counter":[],"jnews_post_split":[],"footnotes":""},"categories":[21],"tags":[],"class_list":["post-24823","post","type-post","status-publish","format-standard","has-post-thumbnail","hentry","category-nacional"],"jetpack_featured_media_url":"https:\/\/laserenaradio.cl\/web\/wp-content\/uploads\/2026\/03\/mediapiaiextstaticimg_webpAlertaIsotermaCeroAltazonasMaule_0.webp","jetpack_sharing_enabled":true,"_links":{"self":[{"href":"https:\/\/laserenaradio.cl\/web\/wp-json\/wp\/v2\/posts\/24823","targetHints":{"allow":["GET"]}}],"collection":[{"href":"https:\/\/laserenaradio.cl\/web\/wp-json\/wp\/v2\/posts"}],"about":[{"href":"https:\/\/laserenaradio.cl\/web\/wp-json\/wp\/v2\/types\/post"}],"author":[{"embeddable":true,"href":"https:\/\/laserenaradio.cl\/web\/wp-json\/wp\/v2\/users\/2"}],"replies":[{"embeddable":true,"href":"https:\/\/laserenaradio.cl\/web\/wp-json\/wp\/v2\/comments?post=24823"}],"version-history":[{"count":1,"href":"https:\/\/laserenaradio.cl\/web\/wp-json\/wp\/v2\/posts\/24823\/revisions"}],"predecessor-version":[{"id":24824,"href":"https:\/\/laserenaradio.cl\/web\/wp-json\/wp\/v2\/posts\/24823\/revisions\/24824"}],"wp:featuredmedia":[{"embeddable":true,"href":"https:\/\/laserenaradio.cl\/web\/wp-json\/wp\/v2\/media\/24822"}],"wp:attachment":[{"href":"https:\/\/laserenaradio.cl\/web\/wp-json\/wp\/v2\/media?parent=24823"}],"wp:term":[{"taxonomy":"category","embeddable":true,"href":"https:\/\/laserenaradio.cl\/web\/wp-json\/wp\/v2\/categories?post=24823"},{"taxonomy":"post_tag","embeddable":true,"href":"https:\/\/laserenaradio.cl\/web\/wp-json\/wp\/v2\/tags?post=24823"}],"curies":[{"name":"wp","href":"https:\/\/api.w.org\/{rel}","templated":true}]}}