{"id":24801,"date":"2026-03-13T11:41:39","date_gmt":"2026-03-13T14:41:39","guid":{"rendered":"https:\/\/laserenaradio.cl\/web\/?p=24801"},"modified":"2026-03-13T11:41:39","modified_gmt":"2026-03-13T14:41:39","slug":"el-respaldo-de-chile-a-michelle-bachelet-como-candidata-a-la-onu-se-vuelve-incierto","status":"publish","type":"post","link":"https:\/\/laserenaradio.cl\/web\/2026\/03\/13\/el-respaldo-de-chile-a-michelle-bachelet-como-candidata-a-la-onu-se-vuelve-incierto\/","title":{"rendered":"El respaldo de Chile a Michelle Bachelet como candidata a la ONU se vuelve incierto."},"content":{"rendered":"<p>El apoyo del Gobierno a la candidatura de Michelle Bachelet para la ONU sigue debilit\u00e1ndose, seg\u00fan se\u00f1ales de cautela desde La Moneda y presiones del PS. Mara Sedini, vocera de Gobierno, inform\u00f3 que el presidente dar\u00e1 a conocer su decisi\u00f3n pronto. Jos\u00e9 Antonio Kast, por su parte, afirm\u00f3 que la postura est\u00e1 \u201cavanzada\u201d pero mantiene la opci\u00f3n de respaldar otras candidaturas.<\/p>\n<p>Desde el inicio del debate, Kast ha expresado que una decisi\u00f3n tan importante debe considerar una consulta m\u00e1s amplia entre las fuerzas pol\u00edticas. Stephan Schubert, diputado republicano, indic\u00f3 que las posibilidades de \u00e9xito de Bachelet se han vuelto m\u00e1s complejas. En la derecha, mientras algunos como Iv\u00e1n Moreira y Manuel Jos\u00e9 Ossand\u00f3n se mostraron dispuestos a respaldarla, otros como Ximena Ossand\u00f3n de Renovaci\u00f3n Nacional, sugirieron que un apoyo podr\u00eda interpretarse como un gesto hacia el PS.<\/p>\n<p>El Partido Socialista de Chile ha intensificado sus esfuerzos para asegurar el respaldo de Chile a Bachelet. Durante una reuni\u00f3n en la embajada de M\u00e9xico, representantes mexicanos reafirmaron su apoyo a la exmandataria. Senador Juan Luis Castro y presidenta del PS, Paulina Vodanovic, instaron al presidente a mantener el respaldo como una pol\u00edtica de Estado, esperando que \u201cChile est\u00e9 primero\u201d.<\/p>\n<p><small><i><strong>Aviso de transparencia:<\/strong> Este art\u00edculo ha sido elaborado con la asistencia de Inteligencia Artificial para optimizar el procesamiento de informaci\u00f3n. Sin embargo, todo el contenido ha sido revisado, editado y validado por el equipo period\u00edstico de <strong><a href=\"https:\/\/laserenaradio.cl\/web\/\">LaSerenaRadio.cl<\/a><\/strong>, garantizando nuestra l\u00ednea editorial y veracidad informativa.<\/i><\/small><\/p>\n","protected":false},"excerpt":{"rendered":"<p>El apoyo del Gobierno a la candidatura de Michelle Bachelet para la ONU sigue debilit\u00e1ndose, seg\u00fan se\u00f1ales de cautela desde La Moneda y presiones del PS. Mara Sedini, vocera de Gobierno, inform\u00f3 que el presidente dar\u00e1 a conocer su decisi\u00f3n pronto. Jos\u00e9 Antonio Kast, por su parte, afirm\u00f3 que la postura est\u00e1 \u201cavanzada\u201d pero mantiene [&hellip;]<\/p>\n","protected":false},"author":2,"featured_media":9077,"comment_status":"closed","ping_status":"open","sticky":false,"template":"","format":"standard","meta":{"_jetpack_memberships_contains_paid_content":false,"jnews-multi-image_gallery":[],"jnews_single_post":[],"jnews_primary_category":[],"jnews_social_meta":[],"jnews_paywall_metabox":[],"jnews_review":[],"enable_review":"","type":"","name":"","summary":"","brand":"","sku":"","good":[],"bad":[],"score_override":"","override_value":"","rating":[],"price":[],"jnews_override_counter":[],"jnews_post_split":[],"footnotes":""},"categories":[83],"tags":[],"class_list":["post-24801","post","type-post","status-publish","format-standard","has-post-thumbnail","hentry","category-politica"],"jetpack_featured_media_url":"https:\/\/laserenaradio.cl\/web\/wp-content\/uploads\/2024\/12\/laserenaradio_politica.webp","jetpack_sharing_enabled":true,"_links":{"self":[{"href":"https:\/\/laserenaradio.cl\/web\/wp-json\/wp\/v2\/posts\/24801","targetHints":{"allow":["GET"]}}],"collection":[{"href":"https:\/\/laserenaradio.cl\/web\/wp-json\/wp\/v2\/posts"}],"about":[{"href":"https:\/\/laserenaradio.cl\/web\/wp-json\/wp\/v2\/types\/post"}],"author":[{"embeddable":true,"href":"https:\/\/laserenaradio.cl\/web\/wp-json\/wp\/v2\/users\/2"}],"replies":[{"embeddable":true,"href":"https:\/\/laserenaradio.cl\/web\/wp-json\/wp\/v2\/comments?post=24801"}],"version-history":[{"count":1,"href":"https:\/\/laserenaradio.cl\/web\/wp-json\/wp\/v2\/posts\/24801\/revisions"}],"predecessor-version":[{"id":24802,"href":"https:\/\/laserenaradio.cl\/web\/wp-json\/wp\/v2\/posts\/24801\/revisions\/24802"}],"wp:featuredmedia":[{"embeddable":true,"href":"https:\/\/laserenaradio.cl\/web\/wp-json\/wp\/v2\/media\/9077"}],"wp:attachment":[{"href":"https:\/\/laserenaradio.cl\/web\/wp-json\/wp\/v2\/media?parent=24801"}],"wp:term":[{"taxonomy":"category","embeddable":true,"href":"https:\/\/laserenaradio.cl\/web\/wp-json\/wp\/v2\/categories?post=24801"},{"taxonomy":"post_tag","embeddable":true,"href":"https:\/\/laserenaradio.cl\/web\/wp-json\/wp\/v2\/tags?post=24801"}],"curies":[{"name":"wp","href":"https:\/\/api.w.org\/{rel}","templated":true}]}}