{"id":24778,"date":"2026-03-12T20:54:15","date_gmt":"2026-03-12T23:54:15","guid":{"rendered":"https:\/\/laserenaradio.cl\/web\/?p=24778"},"modified":"2026-03-12T20:54:15","modified_gmt":"2026-03-12T23:54:15","slug":"ministra-de-la-mujer-sufrio-un-incidente-al-trasladarse-en-vehiculo","status":"publish","type":"post","link":"https:\/\/laserenaradio.cl\/web\/2026\/03\/12\/ministra-de-la-mujer-sufrio-un-incidente-al-trasladarse-en-vehiculo\/","title":{"rendered":"Ministra de la Mujer sufri\u00f3 un incidente al trasladarse en veh\u00edculo."},"content":{"rendered":"<p>Un incidente inesperado sufri\u00f3 este jueves la ministra de la Mujer, Judith Mar\u00edn, durante un viaje en la regi\u00f3n de Valpara\u00edso. Seg\u00fan informaci\u00f3n proporcionada por Radio B\u00edo B\u00edo, el incidente ocurri\u00f3 tras una actividad en el delegado Millones en el Campamento Manuel Bustos de Vi\u00f1a del Mar. En ese contexto, la ministra se traslad\u00f3 a una reuni\u00f3n con las Mujeres de Remo Arriba Rosa. Sin embargo, al llegar se percataron de una falla en el veh\u00edculo: una ruptura de los frenos del auto fiscal. <\/p>\n<p>Al no poder continuar el viaje, la secretaria de Estado y sus asesores regresaron a Santiago en el auto de la Seremi de la Mujer de Valpara\u00edso. En tanto, se indic\u00f3 que de momento a la ministra Judith Mar\u00edn se le asignar\u00e1 el auto de la Subsecretar\u00eda de la Mujer. <\/p>\n<p>Desde el entorno de la otrora ministra de la Mujer, Antonia Orellana, fuentes de La Radio se\u00f1alaron que ella intent\u00f3 cambiar el auto pero se le rechaz\u00f3 el gasto en el Presupuesto.<\/p>\n<p><small><i><strong>Aviso de transparencia:<\/strong> Este art\u00edculo ha sido elaborado con la asistencia de Inteligencia Artificial para optimizar el procesamiento de informaci\u00f3n. Sin embargo, todo el contenido ha sido revisado, editado y validado por el equipo period\u00edstico de <strong><a href=\"https:\/\/laserenaradio.cl\/web\/\">LaSerenaRadio.cl<\/a><\/strong>, garantizando nuestra l\u00ednea editorial y veracidad informativa.<\/i><\/small><\/p>\n","protected":false},"excerpt":{"rendered":"<p>Un incidente inesperado sufri\u00f3 este jueves la ministra de la Mujer, Judith Mar\u00edn, durante un viaje en la regi\u00f3n de Valpara\u00edso. Seg\u00fan informaci\u00f3n proporcionada por Radio B\u00edo B\u00edo, el incidente ocurri\u00f3 tras una actividad en el delegado Millones en el Campamento Manuel Bustos de Vi\u00f1a del Mar. En ese contexto, la ministra se traslad\u00f3 a [&hellip;]<\/p>\n","protected":false},"author":2,"featured_media":9078,"comment_status":"closed","ping_status":"open","sticky":false,"template":"","format":"standard","meta":{"_jetpack_memberships_contains_paid_content":false,"jnews-multi-image_gallery":[],"jnews_single_post":[],"jnews_primary_category":[],"jnews_social_meta":[],"jnews_paywall_metabox":[],"jnews_review":[],"enable_review":"","type":"","name":"","summary":"","brand":"","sku":"","good":[],"bad":[],"score_override":"","override_value":"","rating":[],"price":[],"jnews_override_counter":[],"jnews_post_split":[],"footnotes":""},"categories":[83],"tags":[],"class_list":["post-24778","post","type-post","status-publish","format-standard","has-post-thumbnail","hentry","category-politica"],"jetpack_featured_media_url":"https:\/\/laserenaradio.cl\/web\/wp-content\/uploads\/2024\/12\/laserenaradio_ultimo_minuto.webp","jetpack_sharing_enabled":true,"_links":{"self":[{"href":"https:\/\/laserenaradio.cl\/web\/wp-json\/wp\/v2\/posts\/24778","targetHints":{"allow":["GET"]}}],"collection":[{"href":"https:\/\/laserenaradio.cl\/web\/wp-json\/wp\/v2\/posts"}],"about":[{"href":"https:\/\/laserenaradio.cl\/web\/wp-json\/wp\/v2\/types\/post"}],"author":[{"embeddable":true,"href":"https:\/\/laserenaradio.cl\/web\/wp-json\/wp\/v2\/users\/2"}],"replies":[{"embeddable":true,"href":"https:\/\/laserenaradio.cl\/web\/wp-json\/wp\/v2\/comments?post=24778"}],"version-history":[{"count":1,"href":"https:\/\/laserenaradio.cl\/web\/wp-json\/wp\/v2\/posts\/24778\/revisions"}],"predecessor-version":[{"id":24779,"href":"https:\/\/laserenaradio.cl\/web\/wp-json\/wp\/v2\/posts\/24778\/revisions\/24779"}],"wp:featuredmedia":[{"embeddable":true,"href":"https:\/\/laserenaradio.cl\/web\/wp-json\/wp\/v2\/media\/9078"}],"wp:attachment":[{"href":"https:\/\/laserenaradio.cl\/web\/wp-json\/wp\/v2\/media?parent=24778"}],"wp:term":[{"taxonomy":"category","embeddable":true,"href":"https:\/\/laserenaradio.cl\/web\/wp-json\/wp\/v2\/categories?post=24778"},{"taxonomy":"post_tag","embeddable":true,"href":"https:\/\/laserenaradio.cl\/web\/wp-json\/wp\/v2\/tags?post=24778"}],"curies":[{"name":"wp","href":"https:\/\/api.w.org\/{rel}","templated":true}]}}