{"id":24755,"date":"2026-03-12T17:23:40","date_gmt":"2026-03-12T20:23:40","guid":{"rendered":"https:\/\/laserenaradio.cl\/web\/?p=24755"},"modified":"2026-03-12T17:23:40","modified_gmt":"2026-03-12T20:23:40","slug":"expresidentes-de-bolivia-cuestionan-decreto-de-kast-sobre-fronteras-con-bolivia-y-peru","status":"publish","type":"post","link":"https:\/\/laserenaradio.cl\/web\/2026\/03\/12\/expresidentes-de-bolivia-cuestionan-decreto-de-kast-sobre-fronteras-con-bolivia-y-peru\/","title":{"rendered":"Expresidentes de Bolivia cuestionan decreto de Kast sobre fronteras con Bolivia y Per\u00fa"},"content":{"rendered":"<p>Los expresidentes bolivianos Eduardo Rodr\u00edguez Veltz\u00e9 y Evo Morales criticaron el decreto del nuevo presidente de Chile, Jos\u00e9 Antonio Kast, que ordena la construcci\u00f3n de barreras f\u00edsicas en el norte de su pa\u00eds, una zona colindante con Bolivia y Per\u00fa. <\/p>\n<p>Rodr\u00edguez, quien sirvi\u00f3 de 2005 a 2006, expres\u00f3 en la red social X que esta decisi\u00f3n de Kast contraviene lo estipulado en el Tratado de 1904, que fij\u00f3 los l\u00edmites definitivos entre ambas naciones tras la llamada guerra del Pac\u00edfico. <\/p>\n<p>Seg\u00fan Rodr\u00edguez, Chile reconoci\u00f3 a Bolivia el derecho de tr\u00e1nsito m\u00e1s amplio y libre por su territorio hacia los puertos del Pac\u00edfico, y el decreto de Kast no es la mejor se\u00f1al de &#8216;buena vecindad&#8217;. Morales, expresidente de 2006 a 2019, sosten\u00eda que Kast imita al presidente de EE.UU., Donald Trump, al anunciar la construcci\u00f3n de muros en las fronteras de Bolivia y Per\u00fa, pa\u00edses que Chile invadi\u00f3 hace casi un siglo y medio, arrebat\u00e1ndoles costa, territorio y recursos naturales. <\/p>\n<p>Morales consider\u00f3 que el objetivo de esta medida es perseguir, criminalizar y encarcelar migrantes y que con la construcci\u00f3n de muros y militarizaci\u00f3n, Chile viola el Tratado de 1904 que garantiza la libre transitabilidad.<\/p>\n<p><small><i><strong>Aviso de transparencia:<\/strong> Este art\u00edculo ha sido elaborado con la asistencia de Inteligencia Artificial para optimizar el procesamiento de informaci\u00f3n. Sin embargo, todo el contenido ha sido revisado, editado y validado por el equipo period\u00edstico de <strong><a href=\"https:\/\/laserenaradio.cl\/web\/\">LaSerenaRadio.cl<\/a><\/strong>, garantizando nuestra l\u00ednea editorial y veracidad informativa.<\/i><\/small><\/p>\n","protected":false},"excerpt":{"rendered":"<p>Los expresidentes bolivianos Eduardo Rodr\u00edguez Veltz\u00e9 y Evo Morales criticaron el decreto del nuevo presidente de Chile, Jos\u00e9 Antonio Kast, que ordena la construcci\u00f3n de barreras f\u00edsicas en el norte de su pa\u00eds, una zona colindante con Bolivia y Per\u00fa. Rodr\u00edguez, quien sirvi\u00f3 de 2005 a 2006, expres\u00f3 en la red social X que esta [&hellip;]<\/p>\n","protected":false},"author":2,"featured_media":24754,"comment_status":"closed","ping_status":"open","sticky":false,"template":"","format":"standard","meta":{"_jetpack_memberships_contains_paid_content":false,"jnews-multi-image_gallery":[],"jnews_single_post":[],"jnews_primary_category":[],"jnews_social_meta":[],"jnews_paywall_metabox":[],"jnews_review":[],"enable_review":"","type":"","name":"","summary":"","brand":"","sku":"","good":[],"bad":[],"score_override":"","override_value":"","rating":[],"price":[],"jnews_override_counter":[],"jnews_post_split":[],"footnotes":""},"categories":[83],"tags":[],"class_list":["post-24755","post","type-post","status-publish","format-standard","has-post-thumbnail","hentry","category-politica"],"jetpack_featured_media_url":"https:\/\/laserenaradio.cl\/web\/wp-content\/uploads\/2026\/03\/mediapiaiextstaticimg_webpBoliviaChileKastdecreto_0.webp","jetpack_sharing_enabled":true,"_links":{"self":[{"href":"https:\/\/laserenaradio.cl\/web\/wp-json\/wp\/v2\/posts\/24755","targetHints":{"allow":["GET"]}}],"collection":[{"href":"https:\/\/laserenaradio.cl\/web\/wp-json\/wp\/v2\/posts"}],"about":[{"href":"https:\/\/laserenaradio.cl\/web\/wp-json\/wp\/v2\/types\/post"}],"author":[{"embeddable":true,"href":"https:\/\/laserenaradio.cl\/web\/wp-json\/wp\/v2\/users\/2"}],"replies":[{"embeddable":true,"href":"https:\/\/laserenaradio.cl\/web\/wp-json\/wp\/v2\/comments?post=24755"}],"version-history":[{"count":1,"href":"https:\/\/laserenaradio.cl\/web\/wp-json\/wp\/v2\/posts\/24755\/revisions"}],"predecessor-version":[{"id":24756,"href":"https:\/\/laserenaradio.cl\/web\/wp-json\/wp\/v2\/posts\/24755\/revisions\/24756"}],"wp:featuredmedia":[{"embeddable":true,"href":"https:\/\/laserenaradio.cl\/web\/wp-json\/wp\/v2\/media\/24754"}],"wp:attachment":[{"href":"https:\/\/laserenaradio.cl\/web\/wp-json\/wp\/v2\/media?parent=24755"}],"wp:term":[{"taxonomy":"category","embeddable":true,"href":"https:\/\/laserenaradio.cl\/web\/wp-json\/wp\/v2\/categories?post=24755"},{"taxonomy":"post_tag","embeddable":true,"href":"https:\/\/laserenaradio.cl\/web\/wp-json\/wp\/v2\/tags?post=24755"}],"curies":[{"name":"wp","href":"https:\/\/api.w.org\/{rel}","templated":true}]}}