{"id":24752,"date":"2026-03-12T17:16:22","date_gmt":"2026-03-12T20:16:22","guid":{"rendered":"https:\/\/laserenaradio.cl\/web\/?p=24752"},"modified":"2026-03-12T17:16:22","modified_gmt":"2026-03-12T20:16:22","slug":"concejala-de-republicanos-ofrece-disculpas-por-declaraciones-sobre-gitanos","status":"publish","type":"post","link":"https:\/\/laserenaradio.cl\/web\/2026\/03\/12\/concejala-de-republicanos-ofrece-disculpas-por-declaraciones-sobre-gitanos\/","title":{"rendered":"Concejala de Republicanos ofrece disculpas por declaraciones sobre gitanos"},"content":{"rendered":"<p>Tras los pol\u00e9micos dichos emitidos por la concejala Catalina Sandoval hacia la comunidad gitana durante una sesi\u00f3n del Concejo Municipal de Chill\u00e1n,  ofreci\u00f3 disculpas y asegur\u00f3 que sus palabras correspond\u00edan a una opini\u00f3n personal, sin relaci\u00f3n con su labor dentro de la municipalidad. <\/p>\n<p>Todo surgi\u00f3 a ra\u00edz de un incidente expuesto por la concejala Br\u00edgida Hormaz\u00e1bal (PS), quien denunci\u00f3 disturbios generados por un grupo de gitanos en un terreno abandonado ubicado en el sector de la junta de vecinos R\u00edos de Chill\u00e1n. En ese contexto, Sandoval afirm\u00f3: \u201cEl tema de los gitanos son una\u2026 me van a retar, pero son una plaga. No se pueden exterminar\u201d. <\/p>\n<p>A trav\u00e9s de una declaraci\u00f3n p\u00fablica, Sandoval aclar\u00f3 que se trat\u00f3 de \u201cun comentario realizado a t\u00edtulo estrictamente personal y que no representa la postura, ni los principios, de la instituci\u00f3n que integro. Por ello, ofrezco mis sinceras disculpas a quienes se hayan sentido afectados por esta expresi\u00f3n. El respeto entre personas y comunidades debe ser siempre la base del debate p\u00fablico&#8221;, indic\u00f3. <\/p>\n<p>Pese a las disculpas, la concejala reiter\u00f3 su preocupaci\u00f3n por una situaci\u00f3n que, seg\u00fan indic\u00f3, tambi\u00e9n comparten vecinos de la comuna. \u201cQuiero reafirmar una preocupaci\u00f3n que es compartida por muchos vecinos de nuestra comuna: la necesidad de enfrentar con decisi\u00f3n el problema de las tomas de terrenos ilegales, que generan inseguridad, conflictos entre vecinos y un grave deterioro del orden y seguridad en nuestros barrios\u201d, dijo. <\/p>\n<p>Como concejal, seguir\u00e9 trabajando para que las autoridades act\u00faen con firmeza frente a estas situaciones, resguardando el Estado de Derecho y buscando soluciones que devuelvan la tranquilidad a las familias de Chill\u00e1n, concluy\u00f3.<\/p>\n<p><small><i><strong>Aviso de transparencia:<\/strong> Este art\u00edculo ha sido elaborado con la asistencia de Inteligencia Artificial para optimizar el procesamiento de informaci\u00f3n. Sin embargo, todo el contenido ha sido revisado, editado y validado por el equipo period\u00edstico de <strong><a href=\"https:\/\/laserenaradio.cl\/web\/\">LaSerenaRadio.cl<\/a><\/strong>, garantizando nuestra l\u00ednea editorial y veracidad informativa.<\/i><\/small><\/p>\n","protected":false},"excerpt":{"rendered":"<p>Tras los pol\u00e9micos dichos emitidos por la concejala Catalina Sandoval hacia la comunidad gitana durante una sesi\u00f3n del Concejo Municipal de Chill\u00e1n, ofreci\u00f3 disculpas y asegur\u00f3 que sus palabras correspond\u00edan a una opini\u00f3n personal, sin relaci\u00f3n con su labor dentro de la municipalidad. Todo surgi\u00f3 a ra\u00edz de un incidente expuesto por la concejala Br\u00edgida [&hellip;]<\/p>\n","protected":false},"author":2,"featured_media":9077,"comment_status":"closed","ping_status":"open","sticky":false,"template":"","format":"standard","meta":{"_jetpack_memberships_contains_paid_content":false,"jnews-multi-image_gallery":[],"jnews_single_post":[],"jnews_primary_category":[],"jnews_social_meta":[],"jnews_paywall_metabox":[],"jnews_review":[],"enable_review":"","type":"","name":"","summary":"","brand":"","sku":"","good":[],"bad":[],"score_override":"","override_value":"","rating":[],"price":[],"jnews_override_counter":[],"jnews_post_split":[],"footnotes":""},"categories":[83],"tags":[],"class_list":["post-24752","post","type-post","status-publish","format-standard","has-post-thumbnail","hentry","category-politica"],"jetpack_featured_media_url":"https:\/\/laserenaradio.cl\/web\/wp-content\/uploads\/2024\/12\/laserenaradio_politica.webp","jetpack_sharing_enabled":true,"_links":{"self":[{"href":"https:\/\/laserenaradio.cl\/web\/wp-json\/wp\/v2\/posts\/24752","targetHints":{"allow":["GET"]}}],"collection":[{"href":"https:\/\/laserenaradio.cl\/web\/wp-json\/wp\/v2\/posts"}],"about":[{"href":"https:\/\/laserenaradio.cl\/web\/wp-json\/wp\/v2\/types\/post"}],"author":[{"embeddable":true,"href":"https:\/\/laserenaradio.cl\/web\/wp-json\/wp\/v2\/users\/2"}],"replies":[{"embeddable":true,"href":"https:\/\/laserenaradio.cl\/web\/wp-json\/wp\/v2\/comments?post=24752"}],"version-history":[{"count":1,"href":"https:\/\/laserenaradio.cl\/web\/wp-json\/wp\/v2\/posts\/24752\/revisions"}],"predecessor-version":[{"id":24753,"href":"https:\/\/laserenaradio.cl\/web\/wp-json\/wp\/v2\/posts\/24752\/revisions\/24753"}],"wp:featuredmedia":[{"embeddable":true,"href":"https:\/\/laserenaradio.cl\/web\/wp-json\/wp\/v2\/media\/9077"}],"wp:attachment":[{"href":"https:\/\/laserenaradio.cl\/web\/wp-json\/wp\/v2\/media?parent=24752"}],"wp:term":[{"taxonomy":"category","embeddable":true,"href":"https:\/\/laserenaradio.cl\/web\/wp-json\/wp\/v2\/categories?post=24752"},{"taxonomy":"post_tag","embeddable":true,"href":"https:\/\/laserenaradio.cl\/web\/wp-json\/wp\/v2\/tags?post=24752"}],"curies":[{"name":"wp","href":"https:\/\/api.w.org\/{rel}","templated":true}]}}