{"id":24720,"date":"2026-03-11T19:56:30","date_gmt":"2026-03-11T22:56:30","guid":{"rendered":"https:\/\/laserenaradio.cl\/web\/?p=24720"},"modified":"2026-03-11T19:56:30","modified_gmt":"2026-03-11T22:56:30","slug":"empresarios-confian-en-que-el-gobierno-de-kast-traiga-estabilidad-a-chile","status":"publish","type":"post","link":"https:\/\/laserenaradio.cl\/web\/2026\/03\/11\/empresarios-confian-en-que-el-gobierno-de-kast-traiga-estabilidad-a-chile\/","title":{"rendered":"Empresarios conf\u00edan en que el gobierno de Kast traiga estabilidad a Chile"},"content":{"rendered":"<p>En el mundo empresarial, la llegada de Jos\u00e9 Antonio Kast a La Moneda genera expectativas de un nuevo ciclo para Chile. Seg\u00fan Juan Sutil, expresidente de la CPC, la nueva administraci\u00f3n puede lograr mayor estabilidad para seguir trabajando por el pa\u00eds. Kast se compromete a ordenar la casa partiendo desde el presupuesto y la correcta asignaci\u00f3n de gastos, adem\u00e1s de proteger la estabilidad del mercado de capitales.<\/p>\n<p>El empresario se pregunta cu\u00e1les son los cambios sustanciales para la estabilidad econ\u00f3mica. En su opini\u00f3n, es esencial que las expectativas se materialicen en pol\u00edticas que den estabilidad, eliminando permisos sectoriales y promoviendo la cultura patri\u00f3tica. Sutil cree que el gobierno de Kast avanzar\u00e1 r\u00e1pidamente en medidas que descompliquen la inversi\u00f3n administrativa.<\/p>\n<p>La llegada de Jorge Alessandri a la presidencia de la C\u00e1mara de Diputados facilita conquistar el \u00e1mbito legislativo. Sutil ve buenas condiciones y mayor\u00edas para hacer las reformas que el pa\u00eds necesita, incluso contra reformas en materia tributaria. El \u00e9xito del gobierno, seg\u00fan \u00e9l, es la continuidad del sector empresarial, crucial para la prosperidad de Chile.<\/p>\n<p>Sobre la pol\u00e9mica del cable chino, Sutil afirma que los hechos demuestran que fue un error. Chile tiene el cable Humboldt con Australia, resolviendo el problema de conectividad con Asia. El empresario critica las decisiones personales del Presidente Boric sobre pol\u00edtica internacional, advirtiendo que Chile debe mantener una mirada pragm\u00e1tica y equilibrada.<\/p>\n<p>El sargento segundo de <a href=\"https:\/\/www.carabineros.cl\/\">Carabineros<\/a> Javier Figueroa Manquemilla, fallecido durante un procedimiento, representa un desaf\u00edo para el nuevo gobierno en materia de seguridad. Sutil conf\u00eda en las medidas impulsadas para enfrentar la frontera y ampliar c\u00e1rceles, aunque considera que el cambio cultural debe ser evidente desde el inicio. Es crucial que los tribunales institucionales de las Fuerzas Armadas jueguen un papel importante en el proceso de justicia.<\/p>\n<p><small><i><strong>Aviso de transparencia:<\/strong> Este art\u00edculo ha sido elaborado con la asistencia de Inteligencia Artificial para optimizar el procesamiento de informaci\u00f3n. Sin embargo, todo el contenido ha sido revisado, editado y validado por el equipo period\u00edstico de <strong><a href=\"https:\/\/laserenaradio.cl\/web\/\">LaSerenaRadio.cl<\/a><\/strong>, garantizando nuestra l\u00ednea editorial y veracidad informativa.<\/i><\/small><\/p>\n","protected":false},"excerpt":{"rendered":"<p>En el mundo empresarial, la llegada de Jos\u00e9 Antonio Kast a La Moneda genera expectativas de un nuevo ciclo para Chile. Seg\u00fan Juan Sutil, expresidente de la CPC, la nueva administraci\u00f3n puede lograr mayor estabilidad para seguir trabajando por el pa\u00eds. Kast se compromete a ordenar la casa partiendo desde el presupuesto y la correcta [&hellip;]<\/p>\n","protected":false},"author":2,"featured_media":24719,"comment_status":"closed","ping_status":"open","sticky":false,"template":"","format":"standard","meta":{"_jetpack_memberships_contains_paid_content":false,"jnews-multi-image_gallery":[],"jnews_single_post":[],"jnews_primary_category":[],"jnews_social_meta":[],"jnews_paywall_metabox":[],"jnews_review":[],"enable_review":"","type":"","name":"","summary":"","brand":"","sku":"","good":[],"bad":[],"score_override":"","override_value":"","rating":[],"price":[],"jnews_override_counter":[],"jnews_post_split":[],"footnotes":""},"categories":[85],"tags":[],"class_list":["post-24720","post","type-post","status-publish","format-standard","has-post-thumbnail","hentry","category-economia"],"jetpack_featured_media_url":"https:\/\/laserenaradio.cl\/web\/wp-content\/uploads\/2026\/03\/mediapiaiextstaticimg_webpChileestabilidadSutilgobierno_0.webp","jetpack_sharing_enabled":true,"_links":{"self":[{"href":"https:\/\/laserenaradio.cl\/web\/wp-json\/wp\/v2\/posts\/24720","targetHints":{"allow":["GET"]}}],"collection":[{"href":"https:\/\/laserenaradio.cl\/web\/wp-json\/wp\/v2\/posts"}],"about":[{"href":"https:\/\/laserenaradio.cl\/web\/wp-json\/wp\/v2\/types\/post"}],"author":[{"embeddable":true,"href":"https:\/\/laserenaradio.cl\/web\/wp-json\/wp\/v2\/users\/2"}],"replies":[{"embeddable":true,"href":"https:\/\/laserenaradio.cl\/web\/wp-json\/wp\/v2\/comments?post=24720"}],"version-history":[{"count":1,"href":"https:\/\/laserenaradio.cl\/web\/wp-json\/wp\/v2\/posts\/24720\/revisions"}],"predecessor-version":[{"id":24721,"href":"https:\/\/laserenaradio.cl\/web\/wp-json\/wp\/v2\/posts\/24720\/revisions\/24721"}],"wp:featuredmedia":[{"embeddable":true,"href":"https:\/\/laserenaradio.cl\/web\/wp-json\/wp\/v2\/media\/24719"}],"wp:attachment":[{"href":"https:\/\/laserenaradio.cl\/web\/wp-json\/wp\/v2\/media?parent=24720"}],"wp:term":[{"taxonomy":"category","embeddable":true,"href":"https:\/\/laserenaradio.cl\/web\/wp-json\/wp\/v2\/categories?post=24720"},{"taxonomy":"post_tag","embeddable":true,"href":"https:\/\/laserenaradio.cl\/web\/wp-json\/wp\/v2\/tags?post=24720"}],"curies":[{"name":"wp","href":"https:\/\/api.w.org\/{rel}","templated":true}]}}