{"id":24575,"date":"2026-03-09T08:21:27","date_gmt":"2026-03-09T11:21:27","guid":{"rendered":"https:\/\/laserenaradio.cl\/web\/?p=24575"},"modified":"2026-03-09T08:21:27","modified_gmt":"2026-03-09T11:21:27","slug":"sismo-de-menor-intensidad-en-la-region-de-coquimbo","status":"publish","type":"post","link":"https:\/\/laserenaradio.cl\/web\/2026\/03\/09\/sismo-de-menor-intensidad-en-la-region-de-coquimbo\/","title":{"rendered":"Sismo de menor intensidad en la Regi\u00f3n de Coquimbo"},"content":{"rendered":"<p>Un sismo de menor intensidad se percibi\u00f3 a las 06:02 horas en la Regi\u00f3n de Coquimbo Las intensidades en escala de Mercalli son:<\/p>\n<p><\/p>\n<table>\n<tbody>\n<tr>\n<td colspan=\"2\">Regi\u00f3n: Coquimbo <\/p>\n<\/td>\n<\/tr>\n<tr>\n<td>Ovalle: <\/p>\n<\/td>\n<td>IV<\/p>\n<\/td>\n<\/tr>\n<tr>\n<td>Monte Patria: <\/p>\n<\/td>\n<td>IV<\/p>\n<\/td>\n<\/tr>\n<tr>\n<td>Punitaqui: <\/p>\n<\/td>\n<td>IV<\/p>\n<\/td>\n<\/tr>\n<tr>\n<td>R\u00ed\u00ado Hurtado: <\/p>\n<\/td>\n<td>IV<\/p>\n<\/td>\n<\/tr>\n<tr>\n<td>Combarbal\u00e1: <\/p>\n<\/td>\n<td>III<\/p>\n<\/td>\n<\/tr>\n<tr>\n<td>Andacollo: <\/p>\n<\/td>\n<td>III<\/p>\n<\/td>\n<\/tr>\n<\/tbody>\n<\/table>\n<p><\/p>\n<p>El Sistema Nacional de Prevenci\u00f3n y Respuesta ante Desastres contin\u00faa evaluando afectaci\u00f3n a personas y da\u00f1os a infraestructura y servicios b\u00e1sicos, cuyo resultado se reportar\u00e1 a trav\u00e9s de los informes de incidente o emergencia elaborados por SENAPRED.<\/p>\n<p>(Preliminar) El Centro Sismol\u00f3gico Nacional indica que la magnitud del sismo fue 3.6 localizado a 16 Kms al Noroeste de Punitaqui<\/p>\n","protected":false},"excerpt":{"rendered":"<p>Un sismo de menor intensidad se percibi\u00f3 a las 06:02 horas en la Regi\u00f3n de Coquimbo Las intensidades en escala de Mercalli son: Regi\u00f3n: Coquimbo Ovalle: IV Monte Patria: IV Punitaqui: IV R\u00ed\u00ado Hurtado: IV Combarbal\u00e1: III Andacollo: III El Sistema Nacional de Prevenci\u00f3n y Respuesta ante Desastres contin\u00faa evaluando afectaci\u00f3n a personas y da\u00f1os [&hellip;]<\/p>\n","protected":false},"author":2,"featured_media":24574,"comment_status":"closed","ping_status":"open","sticky":false,"template":"","format":"standard","meta":{"_jetpack_memberships_contains_paid_content":false,"jnews-multi-image_gallery":[],"jnews_single_post":[],"jnews_primary_category":[],"jnews_social_meta":[],"jnews_paywall_metabox":[],"jnews_review":[],"enable_review":"","type":"","name":"","summary":"","brand":"","sku":"","good":[],"bad":[],"score_override":"","override_value":"","rating":[],"price":[],"jnews_override_counter":[],"jnews_post_split":[],"footnotes":""},"categories":[21],"tags":[],"class_list":["post-24575","post","type-post","status-publish","format-standard","has-post-thumbnail","hentry","category-nacional"],"jetpack_featured_media_url":"https:\/\/laserenaradio.cl\/web\/wp-content\/uploads\/2026\/03\/mediapiaiextstaticimg_webpSismoSocaire_0.webp","jetpack_sharing_enabled":true,"_links":{"self":[{"href":"https:\/\/laserenaradio.cl\/web\/wp-json\/wp\/v2\/posts\/24575","targetHints":{"allow":["GET"]}}],"collection":[{"href":"https:\/\/laserenaradio.cl\/web\/wp-json\/wp\/v2\/posts"}],"about":[{"href":"https:\/\/laserenaradio.cl\/web\/wp-json\/wp\/v2\/types\/post"}],"author":[{"embeddable":true,"href":"https:\/\/laserenaradio.cl\/web\/wp-json\/wp\/v2\/users\/2"}],"replies":[{"embeddable":true,"href":"https:\/\/laserenaradio.cl\/web\/wp-json\/wp\/v2\/comments?post=24575"}],"version-history":[{"count":1,"href":"https:\/\/laserenaradio.cl\/web\/wp-json\/wp\/v2\/posts\/24575\/revisions"}],"predecessor-version":[{"id":24576,"href":"https:\/\/laserenaradio.cl\/web\/wp-json\/wp\/v2\/posts\/24575\/revisions\/24576"}],"wp:featuredmedia":[{"embeddable":true,"href":"https:\/\/laserenaradio.cl\/web\/wp-json\/wp\/v2\/media\/24574"}],"wp:attachment":[{"href":"https:\/\/laserenaradio.cl\/web\/wp-json\/wp\/v2\/media?parent=24575"}],"wp:term":[{"taxonomy":"category","embeddable":true,"href":"https:\/\/laserenaradio.cl\/web\/wp-json\/wp\/v2\/categories?post=24575"},{"taxonomy":"post_tag","embeddable":true,"href":"https:\/\/laserenaradio.cl\/web\/wp-json\/wp\/v2\/tags?post=24575"}],"curies":[{"name":"wp","href":"https:\/\/api.w.org\/{rel}","templated":true}]}}