{"id":24572,"date":"2026-03-08T22:14:32","date_gmt":"2026-03-09T01:14:32","guid":{"rendered":"https:\/\/laserenaradio.cl\/web\/?p=24572"},"modified":"2026-03-08T22:14:32","modified_gmt":"2026-03-09T01:14:32","slug":"ministro-munoz-anuncia-que-el-1-de-abril-comenzara-el-pago-electronico-en-el-transporte-publico-de-antofagasta-calama-y-tocopilla","status":"publish","type":"post","link":"https:\/\/laserenaradio.cl\/web\/2026\/03\/08\/ministro-munoz-anuncia-que-el-1-de-abril-comenzara-el-pago-electronico-en-el-transporte-publico-de-antofagasta-calama-y-tocopilla\/","title":{"rendered":"Ministro Mu\u00f1oz anuncia que el 1 de abril comenzar\u00e1 el pago electr\u00f3nico en el transporte p\u00fablico de Antofagasta, Calama y Tocopilla"},"content":{"rendered":"<p>En el marco de la modernizaci\u00f3n del transporte p\u00fablico en las distintas regiones, el ministro de Transportes y Telecomunicaciones, Juan Carlos Mu\u00f1oz, anunci\u00f3 que desde el 1 de abril comenzar\u00e1 a funcionar el pago electr\u00f3nico en el transporte p\u00fablico de Antofagasta, Tocopilla y Calama, sum\u00e1ndose a las otras 11 ciudades del pa\u00eds donde est\u00e1 operando esta tecnolog\u00eda.<\/p>\n<p>Este nuevo sistema de pago con tarjeta tiene como objetivo mejorar significativamente la seguridad de conductores, pasajeros, pero tambi\u00e9n disminuir los tiempos de viaje, ya que hace m\u00e1s eficiente el abordaje de las y los usuarios. Su implementaci\u00f3n se realizar\u00e1 de forma paulatina, es decir, convivir\u00e1 durante algunos meses con el pago en efectivo, para que as\u00ed todas las personas puedan sumarse a esta medida.<\/p>\n<p>\u201cAntofagasta fue la primera ciudad fuera de Santiago en recibir buses el\u00e9ctricos, y ahora se est\u00e1 sumando a la incorporaci\u00f3n del pago electr\u00f3nico del pasaje, junto con Calama y Tocopilla. Esta es una medida que entrega mayor seguridad, confianza y eficiencia al transporte p\u00fablico, mejorando considerablemente la experiencia de viaje de conductores y pasajeros. Nos sentimos orgullosos de este trabajo coordinado con los operadores y la empresa a cargo de implementar esta nueva tecnolog\u00eda. Adem\u00e1s, pronto comenzar\u00e1n a funcionar los Centro de Atenci\u00f3n al Usuario que estar\u00e1n en las tres ciudades, ya que sabemos que una modernizaci\u00f3n de estas caracter\u00edsticas necesita de orientaci\u00f3n y acompa\u00f1amiento a las y los usuarios\u201d, afirm\u00f3 el ministro de Transportes y Telecomunicaciones, Juan Carlos Mu\u00f1oz.<\/p>\n<p>En tanto, Gonzalo Cuiti\u00f1o, gerente de Operaciones de Bipay: \u201cActualmente, nos encontramos en la fase final de despliegue del sistema Antofagasta Conectado, que considera la instalaci\u00f3n de validadores electr\u00f3nicos en las micros del transporte p\u00fablico en Antofagasta, Calama y Tocopilla; mientras que en paralelo se est\u00e1 implementando una red de puntos de venta y recarga distribuidos estrat\u00e9gicamente en toda la regi\u00f3n, que considera al menos 350 comercios que garantizan accesibilidad en todo el territorio y que a la vez, ayuda a fortalecer el ecosistema del comercio local. Se trata de un proceso de implementaci\u00f3n planificado que moderniza integralmente el transporte p\u00fablico en la regi\u00f3n, elevando los est\u00e1ndares de seguridad y eficiencia operacional\u201d.<\/p>\n<p>Cabe destacar que el sistema de pago permitir\u00e1 utilizar una misma tarjeta entre las tres comunas, facilitando la movilidad y simplificando el acceso al transporte p\u00fablico. En esta l\u00ednea, las opciones de pago ser\u00e1n: tarjetas de transporte, billeteras electr\u00f3nicas, QR a trav\u00e9s de la app de Bipay y las tarjetas bancarias Visa o Mastercard.<\/p>\n<p>Puntos de venta y recarga<\/p>\n<p>Tanto en Antofagasta como en Calama y Tocopilla, se instalar\u00e1n redes de puntos de recarga para que los usuarios puedan ingresar saldo. La red contempla tener m\u00e1s de 350 puntos de venta y recarga (m\u00ednimo 107 en Calama, 222 Antofagasta y 23 en Tocopilla).<\/p>\n<p>Al integrar establecimientos locales como puntos de venta y recarga, se construye una red que permite a los usuarios acceder a los servicios de manera conveniente y pr\u00f3xima a sus lugares de residencia, trabajo o tr\u00e1nsito habitual.<\/p>\n<p>Centro de Atenci\u00f3n a Usuarios de Antofagasta: Jos\u00e9 Santos Ossa 2561<br \/>\nCentro de Atenci\u00f3n a Usuarios de Tocopilla: 21 de mayo 1549<br \/>\nCentro de Atenci\u00f3n a Usuarios de Calama: Vargas 1862<\/p>\n","protected":false},"excerpt":{"rendered":"<p>En el marco de la modernizaci\u00f3n del transporte p\u00fablico en las distintas regiones, el ministro de Transportes y Telecomunicaciones, Juan Carlos Mu\u00f1oz, anunci\u00f3 que desde el 1 de abril comenzar\u00e1 a funcionar el pago electr\u00f3nico en el transporte p\u00fablico de Antofagasta, Tocopilla y Calama, sum\u00e1ndose a las otras 11 ciudades del pa\u00eds donde est\u00e1 operando [&hellip;]<\/p>\n","protected":false},"author":2,"featured_media":24571,"comment_status":"closed","ping_status":"open","sticky":false,"template":"","format":"standard","meta":{"_jetpack_memberships_contains_paid_content":false,"jnews-multi-image_gallery":[],"jnews_single_post":[],"jnews_primary_category":[],"jnews_social_meta":[],"jnews_paywall_metabox":[],"jnews_review":[],"enable_review":"","type":"","name":"","summary":"","brand":"","sku":"","good":[],"bad":[],"score_override":"","override_value":"","rating":[],"price":[],"jnews_override_counter":[],"jnews_post_split":[],"footnotes":""},"categories":[21],"tags":[],"class_list":["post-24572","post","type-post","status-publish","format-standard","has-post-thumbnail","hentry","category-nacional"],"jetpack_featured_media_url":"https:\/\/laserenaradio.cl\/web\/wp-content\/uploads\/2026\/03\/mediapiaiextstaticimg_webpMinistroMunozAntofagastatransportepagoTocopilla_source.webp","jetpack_sharing_enabled":true,"_links":{"self":[{"href":"https:\/\/laserenaradio.cl\/web\/wp-json\/wp\/v2\/posts\/24572","targetHints":{"allow":["GET"]}}],"collection":[{"href":"https:\/\/laserenaradio.cl\/web\/wp-json\/wp\/v2\/posts"}],"about":[{"href":"https:\/\/laserenaradio.cl\/web\/wp-json\/wp\/v2\/types\/post"}],"author":[{"embeddable":true,"href":"https:\/\/laserenaradio.cl\/web\/wp-json\/wp\/v2\/users\/2"}],"replies":[{"embeddable":true,"href":"https:\/\/laserenaradio.cl\/web\/wp-json\/wp\/v2\/comments?post=24572"}],"version-history":[{"count":1,"href":"https:\/\/laserenaradio.cl\/web\/wp-json\/wp\/v2\/posts\/24572\/revisions"}],"predecessor-version":[{"id":24573,"href":"https:\/\/laserenaradio.cl\/web\/wp-json\/wp\/v2\/posts\/24572\/revisions\/24573"}],"wp:featuredmedia":[{"embeddable":true,"href":"https:\/\/laserenaradio.cl\/web\/wp-json\/wp\/v2\/media\/24571"}],"wp:attachment":[{"href":"https:\/\/laserenaradio.cl\/web\/wp-json\/wp\/v2\/media?parent=24572"}],"wp:term":[{"taxonomy":"category","embeddable":true,"href":"https:\/\/laserenaradio.cl\/web\/wp-json\/wp\/v2\/categories?post=24572"},{"taxonomy":"post_tag","embeddable":true,"href":"https:\/\/laserenaradio.cl\/web\/wp-json\/wp\/v2\/tags?post=24572"}],"curies":[{"name":"wp","href":"https:\/\/api.w.org\/{rel}","templated":true}]}}