{"id":24569,"date":"2026-03-08T19:33:09","date_gmt":"2026-03-08T22:33:09","guid":{"rendered":"https:\/\/laserenaradio.cl\/web\/?p=24569"},"modified":"2026-03-08T19:33:09","modified_gmt":"2026-03-08T22:33:09","slug":"kast-reducira-el-presupuesto-por-primera-vez","status":"publish","type":"post","link":"https:\/\/laserenaradio.cl\/web\/2026\/03\/08\/kast-reducira-el-presupuesto-por-primera-vez\/","title":{"rendered":"Kast reducir\u00e1 el presupuesto por primera vez"},"content":{"rendered":"<p>El equipo econ\u00f3mico de Jos\u00e9 Antonio Kast ha delineado su estrategia fiscal, enfatizando una reducci\u00f3n transversal del 3% en los recursos asignados a cada cartera. Este instructivo, dirigido a los ministros entrantes, busca implementar ajustes financieros significativos. La econom\u00eda chilena ha experimentado un crecimiento moderado, alrededor del 2% anual, con proyecciones futuras similares, lo que plantea desaf\u00edos en t\u00e9rminos de gesti\u00f3n presupuestaria.<\/p>\n<p>Las finanzas p\u00fablicas en Chile enfrentan presi\u00f3n significativa, con un d\u00e9ficit fiscal estructural que supera el 3% del PIB, y una deuda del Gobierno Central pr\u00f3xima al 40% del PIB. Esta situaci\u00f3n ha alertado a expertos sobre la necesidad de ajustes dr\u00e1sticos en los ministerios con mayores presupuestos.<\/p>\n<p>Osvaldo Rosales, ex director de la Direcon, destaca que, aunque el indicador de 2,8 no es alentador, es uno de los m\u00e1s bajos en Am\u00e9rica Latina. No obstante, el plan de ajuste propuesto por Jorge Quiroz va m\u00e1s all\u00e1 del ahorro administrativo. La meta total de ajuste es de US$6.000 millones, con la mitad buscada a trav\u00e9s de modificaciones a la Ley de Presupuestos, transferenciando la presi\u00f3n a nivel del Congreso Nacional.<\/p>\n<p>Ricardo Hern\u00e1ndez, analista financiero, sugiere que el gobierno podr\u00eda contar con el apoyo del Congreso, siempre y cuando se prioriticen temas relevantes para la ciudadan\u00eda. A pesar de estos desaf\u00edos, el pr\u00f3ximo equipo econ\u00f3mico deber\u00e1 equilibrar el ordenamiento de las finanzas del Estado con la promoci\u00f3n de la actividad econ\u00f3mica.<\/p>\n<p><small><i><strong>Aviso de transparencia:<\/strong> Este art\u00edculo ha sido elaborado con la asistencia de Inteligencia Artificial para optimizar el procesamiento de informaci\u00f3n. Sin embargo, todo el contenido ha sido revisado, editado y validado por el equipo period\u00edstico de <strong><a href=\"https:\/\/laserenaradio.cl\/web\/\">LaSerenaRadio.cl<\/a><\/strong>, garantizando nuestra l\u00ednea editorial y veracidad informativa.<\/i><\/small><\/p>\n","protected":false},"excerpt":{"rendered":"<p>El equipo econ\u00f3mico de Jos\u00e9 Antonio Kast ha delineado su estrategia fiscal, enfatizando una reducci\u00f3n transversal del 3% en los recursos asignados a cada cartera. Este instructivo, dirigido a los ministros entrantes, busca implementar ajustes financieros significativos. La econom\u00eda chilena ha experimentado un crecimiento moderado, alrededor del 2% anual, con proyecciones futuras similares, lo que [&hellip;]<\/p>\n","protected":false},"author":2,"featured_media":24568,"comment_status":"closed","ping_status":"open","sticky":false,"template":"","format":"standard","meta":{"_jetpack_memberships_contains_paid_content":false,"jnews-multi-image_gallery":[],"jnews_single_post":[],"jnews_primary_category":[],"jnews_social_meta":[],"jnews_paywall_metabox":[],"jnews_review":[],"enable_review":"","type":"","name":"","summary":"","brand":"","sku":"","good":[],"bad":[],"score_override":"","override_value":"","rating":[],"price":[],"jnews_override_counter":[],"jnews_post_split":[],"footnotes":""},"categories":[83],"tags":[],"class_list":["post-24569","post","type-post","status-publish","format-standard","has-post-thumbnail","hentry","category-politica"],"jetpack_featured_media_url":"https:\/\/laserenaradio.cl\/web\/wp-content\/uploads\/2026\/03\/mediapiaiextstaticimg_webpayudaCubaKastpresidente_0.webp","jetpack_sharing_enabled":true,"_links":{"self":[{"href":"https:\/\/laserenaradio.cl\/web\/wp-json\/wp\/v2\/posts\/24569","targetHints":{"allow":["GET"]}}],"collection":[{"href":"https:\/\/laserenaradio.cl\/web\/wp-json\/wp\/v2\/posts"}],"about":[{"href":"https:\/\/laserenaradio.cl\/web\/wp-json\/wp\/v2\/types\/post"}],"author":[{"embeddable":true,"href":"https:\/\/laserenaradio.cl\/web\/wp-json\/wp\/v2\/users\/2"}],"replies":[{"embeddable":true,"href":"https:\/\/laserenaradio.cl\/web\/wp-json\/wp\/v2\/comments?post=24569"}],"version-history":[{"count":1,"href":"https:\/\/laserenaradio.cl\/web\/wp-json\/wp\/v2\/posts\/24569\/revisions"}],"predecessor-version":[{"id":24570,"href":"https:\/\/laserenaradio.cl\/web\/wp-json\/wp\/v2\/posts\/24569\/revisions\/24570"}],"wp:featuredmedia":[{"embeddable":true,"href":"https:\/\/laserenaradio.cl\/web\/wp-json\/wp\/v2\/media\/24568"}],"wp:attachment":[{"href":"https:\/\/laserenaradio.cl\/web\/wp-json\/wp\/v2\/media?parent=24569"}],"wp:term":[{"taxonomy":"category","embeddable":true,"href":"https:\/\/laserenaradio.cl\/web\/wp-json\/wp\/v2\/categories?post=24569"},{"taxonomy":"post_tag","embeddable":true,"href":"https:\/\/laserenaradio.cl\/web\/wp-json\/wp\/v2\/tags?post=24569"}],"curies":[{"name":"wp","href":"https:\/\/api.w.org\/{rel}","templated":true}]}}