{"id":24563,"date":"2026-03-08T19:27:16","date_gmt":"2026-03-08T22:27:16","guid":{"rendered":"https:\/\/laserenaradio.cl\/web\/?p=24563"},"modified":"2026-03-08T19:27:16","modified_gmt":"2026-03-08T22:27:16","slug":"jeannette-jara-confirmo-su-militancia-en-el-partido-comunista","status":"publish","type":"post","link":"https:\/\/laserenaradio.cl\/web\/2026\/03\/08\/jeannette-jara-confirmo-su-militancia-en-el-partido-comunista\/","title":{"rendered":"Jeannette Jara confirm\u00f3 su militancia en el Partido Comunista"},"content":{"rendered":"<p>Jeannette Jara, excandidata presidencial, confirm\u00f3 que seguir\u00e1 siendo militante del Partido Comunista. &#8220;Ha terminado mi reflexi\u00f3n y me quedo en el Partido Comunista&#8221;, asegur\u00f3. A\u00f1adi\u00f3 que su decisi\u00f3n se fundamenta en varios principios compartidos, como un mejor pa\u00eds, justicia social y bien com\u00fan, que considera escasos en la actual pol\u00edtica. <\/p>\n<p>Tras la elecci\u00f3n, Jara necesitaba un tiempo de pausa luego de un periodo particularmente exigente. &#8220;Una campa\u00f1a presidencial es realmente una m\u00e1quina de demoler&#8221;, dijo, destacando la intensidad de los tres a\u00f1os como ministra. <\/p>\n<p>La militancia de la exsecretaria de Estado estaba congelada, proceso que ha culminado. Jara ratific\u00f3 su integraci\u00f3n a la Comisi\u00f3n Pol\u00edtica del PC desde el lunes 9 de marzo.<\/p>\n<p><small><i><strong>Aviso de transparencia:<\/strong> Este art\u00edculo ha sido elaborado con la asistencia de Inteligencia Artificial para optimizar el procesamiento de informaci\u00f3n. Sin embargo, todo el contenido ha sido revisado, editado y validado por el equipo period\u00edstico de <strong><a href=\"https:\/\/laserenaradio.cl\/web\/\">LaSerenaRadio.cl<\/a><\/strong>, garantizando nuestra l\u00ednea editorial y veracidad informativa.<\/i><\/small><\/p>\n","protected":false},"excerpt":{"rendered":"<p>Jeannette Jara, excandidata presidencial, confirm\u00f3 que seguir\u00e1 siendo militante del Partido Comunista. &#8220;Ha terminado mi reflexi\u00f3n y me quedo en el Partido Comunista&#8221;, asegur\u00f3. A\u00f1adi\u00f3 que su decisi\u00f3n se fundamenta en varios principios compartidos, como un mejor pa\u00eds, justicia social y bien com\u00fan, que considera escasos en la actual pol\u00edtica. Tras la elecci\u00f3n, Jara necesitaba [&hellip;]<\/p>\n","protected":false},"author":2,"featured_media":24562,"comment_status":"closed","ping_status":"open","sticky":false,"template":"","format":"standard","meta":{"_jetpack_memberships_contains_paid_content":false,"jnews-multi-image_gallery":[],"jnews_single_post":[],"jnews_primary_category":[],"jnews_social_meta":[],"jnews_paywall_metabox":[],"jnews_review":[],"enable_review":"","type":"","name":"","summary":"","brand":"","sku":"","good":[],"bad":[],"score_override":"","override_value":"","rating":[],"price":[],"jnews_override_counter":[],"jnews_post_split":[],"footnotes":""},"categories":[83],"tags":[],"class_list":["post-24563","post","type-post","status-publish","format-standard","has-post-thumbnail","hentry","category-politica"],"jetpack_featured_media_url":"https:\/\/laserenaradio.cl\/web\/wp-content\/uploads\/2026\/03\/mediapiaiextstaticimg_webpPartidoComunistaJeannetteJarapresidencialJara_0.webp","jetpack_sharing_enabled":true,"_links":{"self":[{"href":"https:\/\/laserenaradio.cl\/web\/wp-json\/wp\/v2\/posts\/24563","targetHints":{"allow":["GET"]}}],"collection":[{"href":"https:\/\/laserenaradio.cl\/web\/wp-json\/wp\/v2\/posts"}],"about":[{"href":"https:\/\/laserenaradio.cl\/web\/wp-json\/wp\/v2\/types\/post"}],"author":[{"embeddable":true,"href":"https:\/\/laserenaradio.cl\/web\/wp-json\/wp\/v2\/users\/2"}],"replies":[{"embeddable":true,"href":"https:\/\/laserenaradio.cl\/web\/wp-json\/wp\/v2\/comments?post=24563"}],"version-history":[{"count":1,"href":"https:\/\/laserenaradio.cl\/web\/wp-json\/wp\/v2\/posts\/24563\/revisions"}],"predecessor-version":[{"id":24564,"href":"https:\/\/laserenaradio.cl\/web\/wp-json\/wp\/v2\/posts\/24563\/revisions\/24564"}],"wp:featuredmedia":[{"embeddable":true,"href":"https:\/\/laserenaradio.cl\/web\/wp-json\/wp\/v2\/media\/24562"}],"wp:attachment":[{"href":"https:\/\/laserenaradio.cl\/web\/wp-json\/wp\/v2\/media?parent=24563"}],"wp:term":[{"taxonomy":"category","embeddable":true,"href":"https:\/\/laserenaradio.cl\/web\/wp-json\/wp\/v2\/categories?post=24563"},{"taxonomy":"post_tag","embeddable":true,"href":"https:\/\/laserenaradio.cl\/web\/wp-json\/wp\/v2\/tags?post=24563"}],"curies":[{"name":"wp","href":"https:\/\/api.w.org\/{rel}","templated":true}]}}