{"id":24549,"date":"2026-03-08T13:03:10","date_gmt":"2026-03-08T16:03:10","guid":{"rendered":"https:\/\/laserenaradio.cl\/web\/?p=24549"},"modified":"2026-03-08T13:03:10","modified_gmt":"2026-03-08T16:03:10","slug":"fiscal-nacional-cumplio-intensa-agenda-de-trabajo-en-paises-bajos-e-italia","status":"publish","type":"post","link":"https:\/\/laserenaradio.cl\/web\/2026\/03\/08\/fiscal-nacional-cumplio-intensa-agenda-de-trabajo-en-paises-bajos-e-italia\/","title":{"rendered":"Fiscal Nacional cumpli\u00f3 intensa agenda de trabajo en Pa\u00edses Bajos e Italia"},"content":{"rendered":"<p>Una intensa agenda de trabajo cumpli\u00f3 en los \u00faltimos d\u00edas el Fiscal Nacional, \u00c1ngel Valencia en Amsterdam y La Haya, Pa\u00edses Bajos y en Roma, Italia, orientada a fortalecer el combate al crimen organizado transnacional, a generar un trabajo de cooperaci\u00f3n y capacitaci\u00f3n con agencias internacionales para los fiscales dedicados a la investigaci\u00f3n y persecuci\u00f3n de estos delitos, y a dar cumplimiento al compromiso del Estado de Chile de entregar antecedentes sobre el caso Ojeda a la Corte Penal Internacional.<\/p>\n<p>Las actividades comenzaron en Amsterdam, con la participaci\u00f3n del Fiscal Nacional en el encuentro del Programa de Asistencia Contra el Crimen Transnacional Organizado de la Uni\u00f3n Europea, Paccto 2.0, en el que expuso sobre las nuevas fronteras del crimen organizado transnacional en Am\u00e9rica Latina y los desaf\u00edos realizados en Chile para enfrentar a este tipo de grupos delictuales.<\/p>\n<p>A la actividad, organizada por la Fiscal\u00eda y el Ministerio de Justicia y Seguridad de los Pa\u00edses Bajos, el Fiscal Nacional asisti\u00f3 acompa\u00f1ado del Director de la Unidad de Crimen Organizado y Drogas, Ignacio Castillo y del Fiscal Jefe de la Fiscal\u00eda de Alta Complejidad y Crimen Organizado de la Fiscal\u00eda Regional Metropolitana Oriente, Miguel Angel Orellana.<\/p>\n<p>Luego, en La Haya, el Fiscal Nacional, acompa\u00f1ado del Director de la Unidad de de Cooperaci\u00f3n Internacional y Extradiciones, Juan Pablo Glasinovic, asisti\u00f3 a dos importantes reuniones. Por una parte, se reuni\u00f3 con las m\u00e1s altas autoridades de EUROJUST, incluyendo al Presidente, Michael Schmid y vicepresidente Jos\u00e9 de la Mata Amaya, con quienes acordaron intensificar el proceso de integraci\u00f3n y trabajo conjunto entre nuestro pa\u00eds y dicha Agencia de la Uni\u00f3n Europea para la Cooperaci\u00f3n en Justicia Penal.<\/p>\n<p>Luego, el Fiscal Nacional, junto al ministro de Relaciones Exteriores, Alberto van Klaveren se reuni\u00f3 con autoridades de la Corte Penal Internacional (CPI), para hacer entrega de informaci\u00f3n de contexto, vinculada al crimen en Chile del exteniente venezolano, Ronald Ojeda, que podr\u00eda ser de utilidad para la Corte en la investigaci\u00f3n que actualmente est\u00e1 llevando a cabo , denominada \u201cLa situaci\u00f3n de Venezuela I\u201d, presentada en septiembre de 2018, por parte de Argentina, Canad\u00e1, Colombia, Chile, Paraguay y Per\u00fa.<\/p>\n<p>La delegaci\u00f3n fue recibida por la Presidenta de la Corte Penal Internacional, jueza Tomoko Akane y su primer vicepresidente, el juez Rosario Salvatore. Posteriormente sostuvieron una reuni\u00f3n con el fiscal de la Corte, Karim AA Khan KC, y sus asesores, para hacer entrega formal de dichos antecedentes. Luego, la delegaci\u00f3n chilena se reuni\u00f3 con el secretario de la Corte Penal Internacional, el abogado ecuatoriano Osvaldo Zavala Giler.<\/p>\n<p>El Fiscal Nacional, \u00c1ngel Valencia, valor\u00f3 muy positivamente la visita a la Corte Penal Internacional e inform\u00f3 que propusieron al Fiscal Khan la creaci\u00f3n de un equipo conjunto de investigaci\u00f3n para que la CPI y la Fiscal\u00eda de Chile puedan compartir informaci\u00f3n y sacar adelante ambas investigaciones. Dicha propuesta, se\u00f1al\u00f3 el Fiscal Valencia, fue bien recibida por el Fiscal de la CPI e inform\u00f3 que continuar\u00e1n las reuniones conjuntas para avanzar en esa l\u00ednea.<\/p>\n<p>Programas de capacitaci\u00f3n<\/p>\n<p>Luego, el Fiscal Nacional se traslad\u00f3 a Roma para sostener reuniones en el Ministerio del Interior de Italia con autoridades de las Direcciones Centrales de la Polic\u00eda Judicial, de Servicios Antidroga, de Investigaci\u00f3n Antimafia y Terrorismo y de la Comandancia General de la Guardia di Finanza.<\/p>\n<p>El Fiscal Nacional sostuvo una reuni\u00f3n con el Fiscal Nacional Antimafia y Antiterrorismo de Italia, Giovanni Melillo, quien dirige la Direzione Nazionale Antimafia e Antiterrorismo, en la cual se avanz\u00f3 en el estrecho lazo de colaboraci\u00f3n y confianza rec\u00edproca que existe entre ambas autoridades, a fin de enfrentar conjuntamente los desaf\u00edos de la criminalidad organizada transnacional, en especial en materia de drogas y de finanzas criminales.<\/p>\n<p>Asimismo, se reuni\u00f3 con autoridades de importantes programas de cooperaci\u00f3n internacional enfocadas en el combate al crimen organizado, con quienes acord\u00f3 una agenda de capacitaci\u00f3n para fiscales chilenos dedicados a la persecuci\u00f3n de estos delitos, en su dimensi\u00f3n nacional y transnacional.<\/p>\n<p>Valencia se reuni\u00f3 con representantes de la Iniciativa Falcone Borsellino, programa de diplomacia jur\u00eddica, financiada por el Ministerio de Asuntos Exteriores de Italia para el apoyo de Am\u00e9rica Latina y el Caribe para consolidar el trabajo conjunto en la iniciativa \u201cSer Fiscales\u201d, con la cual el gobierno de Italia busca apoyar a nuestro pa\u00eds en los cambios que se est\u00e1n implementando en materia de persecuci\u00f3n de la criminalidad organizada. Adem\u00e1s, se reuni\u00f3 con autoridades del El \u00a0PAcCTO 2.0, programa europeo de alianza con Am\u00e9rica Latina y el Caribe en materia de justicia y seguridad para la lucha contra el crimen organizado transnacional, a fin de consolidar el apoyo que esta instituci\u00f3n prestar\u00e1 para la consolidaci\u00f3n de los Equipos Conjuntos de Investigaci\u00f3n.<\/p>\n<p>La iniciativa \u201cSer Fiscales\u201d contempla varias etapas, pero resulta necesario destacar dos. La primera considerar\u00e1 la capacitaci\u00f3n a un grupo muy amplio de fiscales chilenos, a cargo de causas de este tipo. Y, posteriormente, en una segunda, se incluir\u00e1 la formaci\u00f3n de los fiscales que integrar\u00e1n la futura Fiscal\u00eda Supraterritorial, especializada en crimen organizado y delitos de alta complejidad.<\/p>\n","protected":false},"excerpt":{"rendered":"<p>Una intensa agenda de trabajo cumpli\u00f3 en los \u00faltimos d\u00edas el Fiscal Nacional, \u00c1ngel Valencia en Amsterdam y La Haya, Pa\u00edses Bajos y en Roma, Italia, orientada a fortalecer el combate al crimen organizado transnacional, a generar un trabajo de cooperaci\u00f3n y capacitaci\u00f3n con agencias internacionales para los fiscales dedicados a la investigaci\u00f3n y persecuci\u00f3n [&hellip;]<\/p>\n","protected":false},"author":2,"featured_media":24548,"comment_status":"closed","ping_status":"open","sticky":false,"template":"","format":"standard","meta":{"_jetpack_memberships_contains_paid_content":false,"jnews-multi-image_gallery":[],"jnews_single_post":[],"jnews_primary_category":[],"jnews_social_meta":[],"jnews_paywall_metabox":[],"jnews_review":[],"enable_review":"","type":"","name":"","summary":"","brand":"","sku":"","good":[],"bad":[],"score_override":"","override_value":"","rating":[],"price":[],"jnews_override_counter":[],"jnews_post_split":[],"footnotes":""},"categories":[21],"tags":[],"class_list":["post-24549","post","type-post","status-publish","format-standard","has-post-thumbnail","hentry","category-nacional"],"jetpack_featured_media_url":"https:\/\/laserenaradio.cl\/web\/wp-content\/uploads\/2026\/03\/mediapiaiextstaticimg_webpFiscalNacionalFiscalNacionalItaliacrimenautoridades_source.webp","jetpack_sharing_enabled":true,"_links":{"self":[{"href":"https:\/\/laserenaradio.cl\/web\/wp-json\/wp\/v2\/posts\/24549","targetHints":{"allow":["GET"]}}],"collection":[{"href":"https:\/\/laserenaradio.cl\/web\/wp-json\/wp\/v2\/posts"}],"about":[{"href":"https:\/\/laserenaradio.cl\/web\/wp-json\/wp\/v2\/types\/post"}],"author":[{"embeddable":true,"href":"https:\/\/laserenaradio.cl\/web\/wp-json\/wp\/v2\/users\/2"}],"replies":[{"embeddable":true,"href":"https:\/\/laserenaradio.cl\/web\/wp-json\/wp\/v2\/comments?post=24549"}],"version-history":[{"count":1,"href":"https:\/\/laserenaradio.cl\/web\/wp-json\/wp\/v2\/posts\/24549\/revisions"}],"predecessor-version":[{"id":24550,"href":"https:\/\/laserenaradio.cl\/web\/wp-json\/wp\/v2\/posts\/24549\/revisions\/24550"}],"wp:featuredmedia":[{"embeddable":true,"href":"https:\/\/laserenaradio.cl\/web\/wp-json\/wp\/v2\/media\/24548"}],"wp:attachment":[{"href":"https:\/\/laserenaradio.cl\/web\/wp-json\/wp\/v2\/media?parent=24549"}],"wp:term":[{"taxonomy":"category","embeddable":true,"href":"https:\/\/laserenaradio.cl\/web\/wp-json\/wp\/v2\/categories?post=24549"},{"taxonomy":"post_tag","embeddable":true,"href":"https:\/\/laserenaradio.cl\/web\/wp-json\/wp\/v2\/tags?post=24549"}],"curies":[{"name":"wp","href":"https:\/\/api.w.org\/{rel}","templated":true}]}}