{"id":24540,"date":"2026-03-08T00:10:33","date_gmt":"2026-03-08T03:10:33","guid":{"rendered":"https:\/\/laserenaradio.cl\/web\/?p=24540"},"modified":"2026-03-08T00:10:33","modified_gmt":"2026-03-08T03:10:33","slug":"sismo-de-menor-intensidad-en-las-regiones-de-atacama-y-coquimbo","status":"publish","type":"post","link":"https:\/\/laserenaradio.cl\/web\/2026\/03\/08\/sismo-de-menor-intensidad-en-las-regiones-de-atacama-y-coquimbo\/","title":{"rendered":"Sismo de menor intensidad en las regiones de Atacama y Coquimbo"},"content":{"rendered":"<p>\u200bUn sismo de menor intensidad se percibi\u00f3 a las 19:59 horas en las regiones de Atacama y Coquimbo. Las intensidades en escala de Mercalli son:\u00a0\u00a0<\/p>\n<p><u>Reportes de Intensidad (Mercalli) por Localidad<\/u><\/p>\n<table>\n<tbody>\n<tr>\n<td colspan=\"2\">Regi\u00f3n:   Atacama <\/p>\n<\/td>\n<\/tr>\n<tr>\n<td>Huasco:   <\/p>\n<\/td>\n<td>IV<\/p>\n<\/td>\n<\/tr>\n<tr>\n<td>Copiap\u00f3:   <\/p>\n<\/td>\n<td>III<\/p>\n<\/td>\n<\/tr>\n<tr>\n<td>Tierra   Amarilla: <\/p>\n<\/td>\n<td>III<\/p>\n<\/td>\n<\/tr>\n<tr>\n<td>Freirina:   <\/p>\n<\/td>\n<td>III<\/p>\n<\/td>\n<\/tr>\n<tr>\n<td>Vallenar:   <\/p>\n<\/td>\n<td>III<\/p>\n<\/td>\n<\/tr>\n<tr>\n<td colspan=\"2\">Regi\u00f3n:   Coquimbo <\/p>\n<\/td>\n<\/tr>\n<tr>\n<td>La   Serena: <\/p>\n<\/td>\n<td>III<\/p>\n<\/td>\n<\/tr>\n<tr>\n<td>Vicu\u00f1a:   <\/p>\n<\/td>\n<td>III<\/p>\n<\/td>\n<\/tr>\n<tr>\n<td>Paiguano:   <\/p>\n<\/td>\n<td>II<\/p>\n<\/td>\n<\/tr>\n<\/tbody>\n<\/table>\n<p> <\/p>\n<p>SHOA indica que las caracter\u00edsticas del sismo NO re\u00fanen las condiciones necesarias para generar un tsunami en las costas de Chile. <\/p>\n<p> El Sistema Nacional de Prevenci\u00f3n y Respuesta ante Desastres contin\u00faa evaluando afectaci\u00f3n a personas y da\u00f1os a infraestructura y servicios b\u00e1sicos, cuyo resultado se reportar\u00e1 a trav\u00e9s de los informes de incidente o emergencia elaborados por SENAPRED.<\/p>\n<p>El Centro Sismol\u00f3gico Nacional indica que la magnitud del sismo fue 4.7 y se localiz\u00f3 a 49 Kms al Suroeste de Huasco.<\/p>\n","protected":false},"excerpt":{"rendered":"<p>\u200bUn sismo de menor intensidad se percibi\u00f3 a las 19:59 horas en las regiones de Atacama y Coquimbo. Las intensidades en escala de Mercalli son:\u00a0\u00a0 Reportes de Intensidad (Mercalli) por Localidad Regi\u00f3n: Atacama Huasco: IV Copiap\u00f3: III Tierra Amarilla: III Freirina: III Vallenar: III Regi\u00f3n: Coquimbo La Serena: III Vicu\u00f1a: III Paiguano: II SHOA indica [&hellip;]<\/p>\n","protected":false},"author":2,"featured_media":24539,"comment_status":"closed","ping_status":"open","sticky":false,"template":"","format":"standard","meta":{"_jetpack_memberships_contains_paid_content":false,"jnews-multi-image_gallery":[],"jnews_single_post":[],"jnews_primary_category":[],"jnews_social_meta":[],"jnews_paywall_metabox":[],"jnews_review":[],"enable_review":"","type":"","name":"","summary":"","brand":"","sku":"","good":[],"bad":[],"score_override":"","override_value":"","rating":[],"price":[],"jnews_override_counter":[],"jnews_post_split":[],"footnotes":""},"categories":[21],"tags":[],"class_list":["post-24540","post","type-post","status-publish","format-standard","has-post-thumbnail","hentry","category-nacional"],"jetpack_featured_media_url":"https:\/\/laserenaradio.cl\/web\/wp-content\/uploads\/2026\/03\/mediapiaiextstaticimg_webpSismoPichidangui_1.webp","jetpack_sharing_enabled":true,"_links":{"self":[{"href":"https:\/\/laserenaradio.cl\/web\/wp-json\/wp\/v2\/posts\/24540","targetHints":{"allow":["GET"]}}],"collection":[{"href":"https:\/\/laserenaradio.cl\/web\/wp-json\/wp\/v2\/posts"}],"about":[{"href":"https:\/\/laserenaradio.cl\/web\/wp-json\/wp\/v2\/types\/post"}],"author":[{"embeddable":true,"href":"https:\/\/laserenaradio.cl\/web\/wp-json\/wp\/v2\/users\/2"}],"replies":[{"embeddable":true,"href":"https:\/\/laserenaradio.cl\/web\/wp-json\/wp\/v2\/comments?post=24540"}],"version-history":[{"count":1,"href":"https:\/\/laserenaradio.cl\/web\/wp-json\/wp\/v2\/posts\/24540\/revisions"}],"predecessor-version":[{"id":24541,"href":"https:\/\/laserenaradio.cl\/web\/wp-json\/wp\/v2\/posts\/24540\/revisions\/24541"}],"wp:featuredmedia":[{"embeddable":true,"href":"https:\/\/laserenaradio.cl\/web\/wp-json\/wp\/v2\/media\/24539"}],"wp:attachment":[{"href":"https:\/\/laserenaradio.cl\/web\/wp-json\/wp\/v2\/media?parent=24540"}],"wp:term":[{"taxonomy":"category","embeddable":true,"href":"https:\/\/laserenaradio.cl\/web\/wp-json\/wp\/v2\/categories?post=24540"},{"taxonomy":"post_tag","embeddable":true,"href":"https:\/\/laserenaradio.cl\/web\/wp-json\/wp\/v2\/tags?post=24540"}],"curies":[{"name":"wp","href":"https:\/\/api.w.org\/{rel}","templated":true}]}}