{"id":24531,"date":"2026-03-07T15:19:38","date_gmt":"2026-03-07T18:19:38","guid":{"rendered":"https:\/\/laserenaradio.cl\/web\/?p=24531"},"modified":"2026-03-07T15:19:38","modified_gmt":"2026-03-07T18:19:38","slug":"estudiante-es-acusado-de-abuso-sexual-a-companera-universitaria-en-concepcion","status":"publish","type":"post","link":"https:\/\/laserenaradio.cl\/web\/2026\/03\/07\/estudiante-es-acusado-de-abuso-sexual-a-companera-universitaria-en-concepcion\/","title":{"rendered":"Estudiante es acusado de abuso sexual a compa\u00f1era universitaria en Concepci\u00f3n"},"content":{"rendered":"<p>Tras una investigaci\u00f3n extensa de dos a\u00f1os, el Ministerio P\u00fablico formaliz\u00f3 a un estudiante universitario como responsable del abuso sexual hacia una compa\u00f1era. Gloria, la madre de la v\u00edctima, y su abogado Carlos D\u00edaz, sostienen que existen m\u00faltiples antecedentes contra el imputado, incluyendo posibles casos de violaci\u00f3n.<\/p>\n<p>Los hechos ocurrieron en abril de 2024 cuando la joven, de 21 a\u00f1os, visit\u00f3 a su compa\u00f1ero en la pensi\u00f3n donde viv\u00eda. Gloria relat\u00f3 que durante el encuentro hubo alcohol y el victimario aprovech\u00f3 la embriaguez para atacar a su amiga.<\/p>\n<p>En la carpeta del caso se incluyen antecedentes que muestran un encuentro sexual admitido parcialmente por el imputado, aunque no reconoce relaciones sexuales. El jefe de fiscal\u00eda Andrea Baracatt decidi\u00f3 formular cargos por abuso sexual tras analizar una serie de pruebas recopiladas durante la investigaci\u00f3n.<\/p>\n<p>El abogado querellante Carlos D\u00edaz no descarta que en el futuro se pueda determinar violaci\u00f3n, adem\u00e1s del abuso sexual. La madre de la v\u00edctima asegura que peritajes forenses indican posibles evidencias de una violaci\u00f3n de la que pudo ser blanco su hija.<\/p>\n<p>La audiencia de formalizaci\u00f3n se llev\u00f3 a cabo el 19 de mayo ante el Juzgado de Garant\u00eda de Concepci\u00f3n.<\/p>\n<p><small><i><strong>Aviso de transparencia:<\/strong> Este art\u00edculo ha sido elaborado con la asistencia de Inteligencia Artificial para optimizar el procesamiento de informaci\u00f3n. Sin embargo, todo el contenido ha sido revisado, editado y validado por el equipo period\u00edstico de <strong><a href=\"https:\/\/laserenaradio.cl\/web\/\">LaSerenaRadio.cl<\/a><\/strong>, garantizando nuestra l\u00ednea editorial y veracidad informativa.<\/i><\/small><\/p>\n","protected":false},"excerpt":{"rendered":"<p>Tras una investigaci\u00f3n extensa de dos a\u00f1os, el Ministerio P\u00fablico formaliz\u00f3 a un estudiante universitario como responsable del abuso sexual hacia una compa\u00f1era. Gloria, la madre de la v\u00edctima, y su abogado Carlos D\u00edaz, sostienen que existen m\u00faltiples antecedentes contra el imputado, incluyendo posibles casos de violaci\u00f3n. Los hechos ocurrieron en abril de 2024 cuando [&hellip;]<\/p>\n","protected":false},"author":2,"featured_media":9076,"comment_status":"closed","ping_status":"open","sticky":false,"template":"","format":"standard","meta":{"_jetpack_memberships_contains_paid_content":false,"jnews-multi-image_gallery":[],"jnews_single_post":[],"jnews_primary_category":[],"jnews_social_meta":[],"jnews_paywall_metabox":[],"jnews_review":[],"enable_review":"","type":"","name":"","summary":"","brand":"","sku":"","good":[],"bad":[],"score_override":"","override_value":"","rating":[],"price":[],"jnews_override_counter":[],"jnews_post_split":[],"footnotes":""},"categories":[21],"tags":[],"class_list":["post-24531","post","type-post","status-publish","format-standard","has-post-thumbnail","hentry","category-nacional"],"jetpack_featured_media_url":"https:\/\/laserenaradio.cl\/web\/wp-content\/uploads\/2024\/12\/laserenaradio_nacional.webp","jetpack_sharing_enabled":true,"_links":{"self":[{"href":"https:\/\/laserenaradio.cl\/web\/wp-json\/wp\/v2\/posts\/24531","targetHints":{"allow":["GET"]}}],"collection":[{"href":"https:\/\/laserenaradio.cl\/web\/wp-json\/wp\/v2\/posts"}],"about":[{"href":"https:\/\/laserenaradio.cl\/web\/wp-json\/wp\/v2\/types\/post"}],"author":[{"embeddable":true,"href":"https:\/\/laserenaradio.cl\/web\/wp-json\/wp\/v2\/users\/2"}],"replies":[{"embeddable":true,"href":"https:\/\/laserenaradio.cl\/web\/wp-json\/wp\/v2\/comments?post=24531"}],"version-history":[{"count":1,"href":"https:\/\/laserenaradio.cl\/web\/wp-json\/wp\/v2\/posts\/24531\/revisions"}],"predecessor-version":[{"id":24532,"href":"https:\/\/laserenaradio.cl\/web\/wp-json\/wp\/v2\/posts\/24531\/revisions\/24532"}],"wp:featuredmedia":[{"embeddable":true,"href":"https:\/\/laserenaradio.cl\/web\/wp-json\/wp\/v2\/media\/9076"}],"wp:attachment":[{"href":"https:\/\/laserenaradio.cl\/web\/wp-json\/wp\/v2\/media?parent=24531"}],"wp:term":[{"taxonomy":"category","embeddable":true,"href":"https:\/\/laserenaradio.cl\/web\/wp-json\/wp\/v2\/categories?post=24531"},{"taxonomy":"post_tag","embeddable":true,"href":"https:\/\/laserenaradio.cl\/web\/wp-json\/wp\/v2\/tags?post=24531"}],"curies":[{"name":"wp","href":"https:\/\/api.w.org\/{rel}","templated":true}]}}