{"id":24520,"date":"2026-03-07T14:41:47","date_gmt":"2026-03-07T17:41:47","guid":{"rendered":"https:\/\/laserenaradio.cl\/web\/?p=24520"},"modified":"2026-03-07T14:41:47","modified_gmt":"2026-03-07T17:41:47","slug":"se-declara-alerta-temprana-preventiva-para-las-comunas-de-la-higuera-vicuna-paihuano-rio-hurtado-monte-patria-combarbala-illapel-y-salamanca-por-tormentas-electricas","status":"publish","type":"post","link":"https:\/\/laserenaradio.cl\/web\/2026\/03\/07\/se-declara-alerta-temprana-preventiva-para-las-comunas-de-la-higuera-vicuna-paihuano-rio-hurtado-monte-patria-combarbala-illapel-y-salamanca-por-tormentas-electricas\/","title":{"rendered":"Se declara Alerta Temprana Preventiva para las comunas de La Higuera, Vicu\u00f1a, Paihuano, R\u00edo Hurtado, Monte Patria, Combarbal\u00e1, Illapel y Salamanca por tormentas el\u00e9ctricas"},"content":{"rendered":"<p>De acuerdo con la informaci\u00f3n proporcionada por la Direcci\u00f3n Meteorol\u00f3gica de Chile (DMC), se encuentra vigente el siguiente alertamiento meteorol\u00f3gico para la Regi\u00f3n de Coquimbo:<\/p>\n<table>\n<tbody>\n<tr>\n<td>Alertamiento\n<\/td>\n<td>Pron\u00f3stico\n<\/td>\n<td>Inicio\n<\/td>\n<td>Fin\n<\/td>\n<\/tr>\n<tr>\n<td>Aviso A103\n<\/td>\n<td>Probables   tormentas el\u00e9ctricas asociadas con chubascos aislados en cordillera de la   regi\u00f3n.\n<\/td>\n<td>08-03\n<\/td>\n<td>08-03\n<\/td>\n<\/tr>\n<\/tbody>\n<\/table>\n<p>En consideraci\u00f3n a este antecedente y en coordinaci\u00f3n con la Delegaci\u00f3n Presidencial Regional de Coquimbo, la Direcci\u00f3n Regional del SENAPRED declara Alerta Temprana Preventiva para las comunas de La Higuera, Vicu\u00f1a, Paihuano, R\u00edo Hurtado, Monte Patria, Combarbal\u00e1, Illapel y Salamanca por tormentas el\u00e9ctricas, vigente desde hoy y hasta que las condiciones meteorol\u00f3gicas as\u00ed lo ameriten.<\/p>\n<p>La declaraci\u00f3n de esta alerta se constituye como un estado de reforzamiento de la vigilancia, mediante el monitoreo preciso y riguroso de las condiciones de riesgo y las respectivas vulnerabilidades asociadas a la amenaza, coordinando y activando al Sistema Nacional de Prevenci\u00f3n y Respuesta ante Desastres (SINAPRED) con el fin de actuar oportunamente frente a eventuales situaciones de emergencia.<\/p>\n<p>SENAPRED\u00a0recomienda a la poblaci\u00f3n evitar la proximidad a maquinarias, cercas o rejas de metal, alambrados y l\u00edneas el\u00e9ctricas y\/o de telefon\u00eda; y no utilizar equipos radiales, aparatos GPS, tel\u00e9fonos fijos o m\u00f3viles durante la tormenta.\u202f<\/p>\n","protected":false},"excerpt":{"rendered":"<p>De acuerdo con la informaci\u00f3n proporcionada por la Direcci\u00f3n Meteorol\u00f3gica de Chile (DMC), se encuentra vigente el siguiente alertamiento meteorol\u00f3gico para la Regi\u00f3n de Coquimbo: Alertamiento Pron\u00f3stico Inicio Fin Aviso A103 Probables tormentas el\u00e9ctricas asociadas con chubascos aislados en cordillera de la regi\u00f3n. 08-03 08-03 En consideraci\u00f3n a este antecedente y en coordinaci\u00f3n con la [&hellip;]<\/p>\n","protected":false},"author":2,"featured_media":24519,"comment_status":"closed","ping_status":"open","sticky":false,"template":"","format":"standard","meta":{"_jetpack_memberships_contains_paid_content":false,"jnews-multi-image_gallery":[],"jnews_single_post":[],"jnews_primary_category":[],"jnews_social_meta":[],"jnews_paywall_metabox":[],"jnews_review":[],"enable_review":"","type":"","name":"","summary":"","brand":"","sku":"","good":[],"bad":[],"score_override":"","override_value":"","rating":[],"price":[],"jnews_override_counter":[],"jnews_post_split":[],"footnotes":""},"categories":[21],"tags":[],"class_list":["post-24520","post","type-post","status-publish","format-standard","has-post-thumbnail","hentry","category-nacional"],"jetpack_featured_media_url":"https:\/\/laserenaradio.cl\/web\/wp-content\/uploads\/2026\/03\/mediapiaiextstaticimg_webpAlertaTormentaszonasArica_0.webp","jetpack_sharing_enabled":true,"_links":{"self":[{"href":"https:\/\/laserenaradio.cl\/web\/wp-json\/wp\/v2\/posts\/24520","targetHints":{"allow":["GET"]}}],"collection":[{"href":"https:\/\/laserenaradio.cl\/web\/wp-json\/wp\/v2\/posts"}],"about":[{"href":"https:\/\/laserenaradio.cl\/web\/wp-json\/wp\/v2\/types\/post"}],"author":[{"embeddable":true,"href":"https:\/\/laserenaradio.cl\/web\/wp-json\/wp\/v2\/users\/2"}],"replies":[{"embeddable":true,"href":"https:\/\/laserenaradio.cl\/web\/wp-json\/wp\/v2\/comments?post=24520"}],"version-history":[{"count":1,"href":"https:\/\/laserenaradio.cl\/web\/wp-json\/wp\/v2\/posts\/24520\/revisions"}],"predecessor-version":[{"id":24521,"href":"https:\/\/laserenaradio.cl\/web\/wp-json\/wp\/v2\/posts\/24520\/revisions\/24521"}],"wp:featuredmedia":[{"embeddable":true,"href":"https:\/\/laserenaradio.cl\/web\/wp-json\/wp\/v2\/media\/24519"}],"wp:attachment":[{"href":"https:\/\/laserenaradio.cl\/web\/wp-json\/wp\/v2\/media?parent=24520"}],"wp:term":[{"taxonomy":"category","embeddable":true,"href":"https:\/\/laserenaradio.cl\/web\/wp-json\/wp\/v2\/categories?post=24520"},{"taxonomy":"post_tag","embeddable":true,"href":"https:\/\/laserenaradio.cl\/web\/wp-json\/wp\/v2\/tags?post=24520"}],"curies":[{"name":"wp","href":"https:\/\/api.w.org\/{rel}","templated":true}]}}