{"id":24517,"date":"2026-03-07T13:56:58","date_gmt":"2026-03-07T16:56:58","guid":{"rendered":"https:\/\/laserenaradio.cl\/web\/?p=24517"},"modified":"2026-03-07T13:56:58","modified_gmt":"2026-03-07T16:56:58","slug":"boric-se-despide-con-la-frente-en-alto-y-las-manos-limpias","status":"publish","type":"post","link":"https:\/\/laserenaradio.cl\/web\/2026\/03\/07\/boric-se-despide-con-la-frente-en-alto-y-las-manos-limpias\/","title":{"rendered":"Boric se despide &#8220;con la frente en alto y las manos limpias&#8221;"},"content":{"rendered":"<p>&#8220;Me voy con la frente en alto y las manos limpias&#8221;: As\u00ed se despidi\u00f3 el presidente Gabriel Boric ante una decena de adherentes que se organiz\u00f3 la ma\u00f1ana de este s\u00e1bado en la Plaza de la Constituci\u00f3n, frente al Palacio de La Moneda.<\/p>\n<p>\u201cSoy un presidente joven y asum\u00ed con humildad el mandato que hace cuatro a\u00f1os ustedes me dieran. Les prometo desde el fondo de mi coraz\u00f3n que he dado lo mejor de m\u00ed para estar a la altura de esta responsabilidad y puedo decir con tranquilidad y convicci\u00f3n que me voy con la frente en alto y con las manos limpias\u201d, se\u00f1al\u00f3.<\/p>\n<p>Se trat\u00f3 de una actividad organizada por el Colectivo Unidos por Boric, el presidente deber\u00e1 entregar el mando el pr\u00f3ximo 11 de marzo.<\/p>\n<p><small><i><strong>Aviso de transparencia:<\/strong> Este art\u00edculo ha sido elaborado con la asistencia de Inteligencia Artificial para optimizar el procesamiento de informaci\u00f3n. Sin embargo, todo el contenido ha sido revisado, editado y validado por el equipo period\u00edstico de <strong><a href=\"https:\/\/laserenaradio.cl\/web\/\">LaSerenaRadio.cl<\/a><\/strong>, garantizando nuestra l\u00ednea editorial y veracidad informativa.<\/i><\/small><\/p>\n","protected":false},"excerpt":{"rendered":"<p>&#8220;Me voy con la frente en alto y las manos limpias&#8221;: As\u00ed se despidi\u00f3 el presidente Gabriel Boric ante una decena de adherentes que se organiz\u00f3 la ma\u00f1ana de este s\u00e1bado en la Plaza de la Constituci\u00f3n, frente al Palacio de La Moneda. \u201cSoy un presidente joven y asum\u00ed con humildad el mandato que hace [&hellip;]<\/p>\n","protected":false},"author":2,"featured_media":24516,"comment_status":"closed","ping_status":"open","sticky":false,"template":"","format":"standard","meta":{"_jetpack_memberships_contains_paid_content":false,"jnews-multi-image_gallery":[],"jnews_single_post":[],"jnews_primary_category":[],"jnews_social_meta":[],"jnews_paywall_metabox":[],"jnews_review":[],"enable_review":"","type":"","name":"","summary":"","brand":"","sku":"","good":[],"bad":[],"score_override":"","override_value":"","rating":[],"price":[],"jnews_override_counter":[],"jnews_post_split":[],"footnotes":""},"categories":[21],"tags":[],"class_list":["post-24517","post","type-post","status-publish","format-standard","has-post-thumbnail","hentry","category-nacional"],"jetpack_featured_media_url":"https:\/\/laserenaradio.cl\/web\/wp-content\/uploads\/2026\/03\/mediapiaiextstaticimg_webpBoricChilemundopresidente_1.webp","jetpack_sharing_enabled":true,"_links":{"self":[{"href":"https:\/\/laserenaradio.cl\/web\/wp-json\/wp\/v2\/posts\/24517","targetHints":{"allow":["GET"]}}],"collection":[{"href":"https:\/\/laserenaradio.cl\/web\/wp-json\/wp\/v2\/posts"}],"about":[{"href":"https:\/\/laserenaradio.cl\/web\/wp-json\/wp\/v2\/types\/post"}],"author":[{"embeddable":true,"href":"https:\/\/laserenaradio.cl\/web\/wp-json\/wp\/v2\/users\/2"}],"replies":[{"embeddable":true,"href":"https:\/\/laserenaradio.cl\/web\/wp-json\/wp\/v2\/comments?post=24517"}],"version-history":[{"count":1,"href":"https:\/\/laserenaradio.cl\/web\/wp-json\/wp\/v2\/posts\/24517\/revisions"}],"predecessor-version":[{"id":24518,"href":"https:\/\/laserenaradio.cl\/web\/wp-json\/wp\/v2\/posts\/24517\/revisions\/24518"}],"wp:featuredmedia":[{"embeddable":true,"href":"https:\/\/laserenaradio.cl\/web\/wp-json\/wp\/v2\/media\/24516"}],"wp:attachment":[{"href":"https:\/\/laserenaradio.cl\/web\/wp-json\/wp\/v2\/media?parent=24517"}],"wp:term":[{"taxonomy":"category","embeddable":true,"href":"https:\/\/laserenaradio.cl\/web\/wp-json\/wp\/v2\/categories?post=24517"},{"taxonomy":"post_tag","embeddable":true,"href":"https:\/\/laserenaradio.cl\/web\/wp-json\/wp\/v2\/tags?post=24517"}],"curies":[{"name":"wp","href":"https:\/\/api.w.org\/{rel}","templated":true}]}}