{"id":24505,"date":"2026-03-07T13:40:24","date_gmt":"2026-03-07T16:40:24","guid":{"rendered":"https:\/\/laserenaradio.cl\/web\/?p=24505"},"modified":"2026-03-07T13:40:24","modified_gmt":"2026-03-07T16:40:24","slug":"incendio-en-olmue-una-mujer-fallece","status":"publish","type":"post","link":"https:\/\/laserenaradio.cl\/web\/2026\/03\/07\/incendio-en-olmue-una-mujer-fallece\/","title":{"rendered":"Incendio en Olmu\u00e9: una mujer fallece"},"content":{"rendered":"<p>Un incendio en una casa habitaci\u00f3n en Olmu\u00e9, sector calle Los Pensamiento, dej\u00f3 como resultado la muerte de una persona adulta mayor. En la ma\u00f1ana se registr\u00f3 el siniestro, que no permiti\u00f3 a la v\u00edctima escapar del lugar.<\/p>\n<p>Actualmente, <a href=\"https:\/\/www.bomberos.cl\/\">Bomberos<\/a> de Olmu\u00e9 y Limache trabajan en la extinci\u00f3n de las llamas. Se report\u00f3 un corte de suministro el\u00e9ctrico en sectores como Lo Narv\u00e1ez, Granizo y El Parque, medida adoptada para proteger a los bomberos que combaten el incendio.<\/p>\n<p><small><i><strong>Aviso de transparencia:<\/strong> Este art\u00edculo ha sido elaborado con la asistencia de Inteligencia Artificial para optimizar el procesamiento de informaci\u00f3n. Sin embargo, todo el contenido ha sido revisado, editado y validado por el equipo period\u00edstico de <strong><a href=\"https:\/\/laserenaradio.cl\/web\/\">LaSerenaRadio.cl<\/a><\/strong>, garantizando nuestra l\u00ednea editorial y veracidad informativa.<\/i><\/small><\/p>\n","protected":false},"excerpt":{"rendered":"<p>Un incendio en una casa habitaci\u00f3n en Olmu\u00e9, sector calle Los Pensamiento, dej\u00f3 como resultado la muerte de una persona adulta mayor. En la ma\u00f1ana se registr\u00f3 el siniestro, que no permiti\u00f3 a la v\u00edctima escapar del lugar. Actualmente, Bomberos de Olmu\u00e9 y Limache trabajan en la extinci\u00f3n de las llamas. Se report\u00f3 un corte [&hellip;]<\/p>\n","protected":false},"author":2,"featured_media":24504,"comment_status":"closed","ping_status":"open","sticky":false,"template":"","format":"standard","meta":{"_jetpack_memberships_contains_paid_content":false,"jnews-multi-image_gallery":[],"jnews_single_post":[],"jnews_primary_category":[],"jnews_social_meta":[],"jnews_paywall_metabox":[],"jnews_review":[],"enable_review":"","type":"","name":"","summary":"","brand":"","sku":"","good":[],"bad":[],"score_override":"","override_value":"","rating":[],"price":[],"jnews_override_counter":[],"jnews_post_split":[],"footnotes":""},"categories":[21],"tags":[],"class_list":["post-24505","post","type-post","status-publish","format-standard","has-post-thumbnail","hentry","category-nacional"],"jetpack_featured_media_url":"https:\/\/laserenaradio.cl\/web\/wp-content\/uploads\/2026\/03\/mediapiaiextstaticimg_webpIncendioOlmue_0.webp","jetpack_sharing_enabled":true,"_links":{"self":[{"href":"https:\/\/laserenaradio.cl\/web\/wp-json\/wp\/v2\/posts\/24505","targetHints":{"allow":["GET"]}}],"collection":[{"href":"https:\/\/laserenaradio.cl\/web\/wp-json\/wp\/v2\/posts"}],"about":[{"href":"https:\/\/laserenaradio.cl\/web\/wp-json\/wp\/v2\/types\/post"}],"author":[{"embeddable":true,"href":"https:\/\/laserenaradio.cl\/web\/wp-json\/wp\/v2\/users\/2"}],"replies":[{"embeddable":true,"href":"https:\/\/laserenaradio.cl\/web\/wp-json\/wp\/v2\/comments?post=24505"}],"version-history":[{"count":1,"href":"https:\/\/laserenaradio.cl\/web\/wp-json\/wp\/v2\/posts\/24505\/revisions"}],"predecessor-version":[{"id":24506,"href":"https:\/\/laserenaradio.cl\/web\/wp-json\/wp\/v2\/posts\/24505\/revisions\/24506"}],"wp:featuredmedia":[{"embeddable":true,"href":"https:\/\/laserenaradio.cl\/web\/wp-json\/wp\/v2\/media\/24504"}],"wp:attachment":[{"href":"https:\/\/laserenaradio.cl\/web\/wp-json\/wp\/v2\/media?parent=24505"}],"wp:term":[{"taxonomy":"category","embeddable":true,"href":"https:\/\/laserenaradio.cl\/web\/wp-json\/wp\/v2\/categories?post=24505"},{"taxonomy":"post_tag","embeddable":true,"href":"https:\/\/laserenaradio.cl\/web\/wp-json\/wp\/v2\/tags?post=24505"}],"curies":[{"name":"wp","href":"https:\/\/api.w.org\/{rel}","templated":true}]}}