{"id":24499,"date":"2026-03-06T22:47:03","date_gmt":"2026-03-07T01:47:03","guid":{"rendered":"https:\/\/laserenaradio.cl\/web\/?p=24499"},"modified":"2026-03-06T22:47:03","modified_gmt":"2026-03-07T01:47:03","slug":"ovalle-refuerza-seguridad-del-transporte-escolar-con-fiscalizacion-a-furgones","status":"publish","type":"post","link":"https:\/\/laserenaradio.cl\/web\/2026\/03\/06\/ovalle-refuerza-seguridad-del-transporte-escolar-con-fiscalizacion-a-furgones\/","title":{"rendered":"Ovalle refuerza seguridad del transporte escolar con fiscalizaci\u00f3n a furgones"},"content":{"rendered":"<p>En el marco del inicio del a\u00f1o escolar, autoridades de la comuna realizaron una fiscalizaci\u00f3n preventiva, instancia en la que cerca de 30 veh\u00edculos fueron inspeccionados y certificados por Carabineros y el Ministerio de Transportes y Telecomunicaciones<\/p>\n<p>Con el objetivo de reforzar la seguridad en el transporte de estudiantes, autoridades realizaron una fiscalizaci\u00f3n preventiva a furgones escolares en la comuna de Ovalle, instancia en la que cerca de 30 veh\u00edculos fueron inspeccionados y, tras cumplir con todos los requisitos establecidos por la normativa, recibieron el sello de fiscalizaci\u00f3n que certifica que est\u00e1n en condiciones de prestar servicio.<\/p>\n<p>El operativo cont\u00f3 con la participaci\u00f3n del delegado presidencial provincial, Eduardo Alcayaga Cort\u00e9s; el alcalde de Ovalle, H\u00e9ctor Vega Campusano; el jefe del Departamento de Educaci\u00f3n Municipal (DEM) Francisco Oshiro Riveros; Carabineros, funcionarios del Programa de Fiscalizaci\u00f3n del Ministerio de Transportes y Telecomunicaciones, y la asociaci\u00f3n de transporte escolar.<\/p>\n<p>Durante la jornada, personal de la Tercera Comisar\u00eda de Carabineros y fiscalizadores revisaron diversos aspectos exigidos por la normativa, entre ellos la documentaci\u00f3n del veh\u00edculo, revisi\u00f3n t\u00e9cnica al d\u00eda, licencia profesional del conductor, condiciones mec\u00e1nicas, cinturones de seguridad y se\u00f1al\u00e9tica reglamentaria, adem\u00e1s de la inscripci\u00f3n en el Registro Nacional de Transporte Escolar.<\/p>\n<p>Las autoridades destacaron que este tipo de controles busca entregar mayor tranquilidad a las familias, considerando que un furg\u00f3n escolar es un espacio de confianza y una responsabilidad social, ya que diariamente transporta a ni\u00f1as, ni\u00f1os y j\u00f3venes hacia sus establecimientos educacionales.<\/p>\n<p>El alcalde H\u00e9ctor Vega, enfatiz\u00f3 que \u201cdebemos destacar esta iniciativa que parte del sindicato y agrupaci\u00f3n de transporte escolar, donde ellos se someten a una fiscalizaci\u00f3n voluntaria para obtener este sello por parte de Carabineros, donde indica que ellos cumplen con toda la normativa vigente para poder trasladar a nuestros estudiantes, lo que implica una gran responsabilidad. Es destacable que durante bastantes a\u00f1os no hemos tenido ning\u00fan accidente respecto al transporte escolar y esperamos que este 2026 sea de misma forma\u201d.<\/p>\n<p>Mientras que el delegado provincial, Eduardo Alcayaga, expres\u00f3 que \u201cesto es un hecho muy importante, donde de manera voluntaria el transporte escolar se pone a disposici\u00f3n para una certificaci\u00f3n de manera rigurosa, siendo evaluados t\u00e9cnicamente para otorgar una acreditaci\u00f3n de responsabilidad de trasladar a nuestras ni\u00f1as y ni\u00f1os\u201d.<\/p>\n<p>Asimismo, se inform\u00f3 que estas acciones forman parte de un plan de inspecciones regulares que se desarrollar\u00e1 durante el a\u00f1o, con el fin de asegurar que los servicios de transporte escolar funcionen de manera segura y cumplan con la normativa vigente.<\/p>\n<p>El mayor de la Tercera Comisaria de Ovalle, Carlos Sep\u00falveda Vivanco, detall\u00f3 que \u201choy contamos con cerca de 95 veh\u00edculos en el transporte escolar regulado, y que claramente es aquel que cumple con las medidas de seguridad t\u00e9cnicas y profesionales para poder transportar a los alumnos. Por eso es que Carabineros, junto con las autoridades competentes, ha hecho una fiscalizaci\u00f3n profunda en terreno, velando que esto se cumplan todas las normas para que tengamos un periodo escolar sin ning\u00fan tipo de problemas\u201d.<\/p>\n<p>En la instancia tambi\u00e9n se realiz\u00f3 un llamado a madres, padres y apoderados a informarse antes de contratar un servicio de transporte escolar, verificando que el veh\u00edculo cuente con la autorizaci\u00f3n correspondiente.<\/p>\n<p>El presidente del Sindicato N\u00ba 1 de Transporte Escolar Provincia de Limar\u00ed, Juan Callejas Julio, expres\u00f3 que \u201clo importante de esta inspecci\u00f3n preventiva es que permite que nuestros veh\u00edculos sean fiscalizados y que se pueda apreciar que los transportes que forman parte del gremio est\u00e1n cumpliendo con todas las normativas vigentes y con todas las exigencias que hace el Ministerio del Transporte. As\u00ed es que eso otorga una seguridad\u201d.<\/p>\n<p>Cabe destacar que esta actividad correspondi\u00f3 a una fiscalizaci\u00f3n voluntaria, instancia valorada por los transportistas escolares de la comuna, quienes participaron activamente para acreditar que sus veh\u00edculos cumplen con todas las condiciones requeridas para el traslado seguro de estudiantes.<\/p>\n","protected":false},"excerpt":{"rendered":"<p>En el marco del inicio del a\u00f1o escolar, autoridades de la comuna realizaron una fiscalizaci\u00f3n preventiva, instancia en la que cerca de 30 veh\u00edculos fueron inspeccionados y certificados por Carabineros y el Ministerio de Transportes y Telecomunicaciones Con el objetivo de reforzar la seguridad en el transporte de estudiantes, autoridades realizaron una fiscalizaci\u00f3n preventiva a [&hellip;]<\/p>\n","protected":false},"author":2,"featured_media":24498,"comment_status":"closed","ping_status":"open","sticky":false,"template":"","format":"standard","meta":{"_jetpack_memberships_contains_paid_content":false,"jnews-multi-image_gallery":[],"jnews_single_post":[],"jnews_primary_category":[],"jnews_social_meta":[],"jnews_paywall_metabox":[],"jnews_review":[],"enable_review":"","type":"","name":"","summary":"","brand":"","sku":"","good":[],"bad":[],"score_override":"","override_value":"","rating":[],"price":[],"jnews_override_counter":[],"jnews_post_split":[],"footnotes":""},"categories":[21],"tags":[],"class_list":["post-24499","post","type-post","status-publish","format-standard","has-post-thumbnail","hentry","category-nacional"],"jetpack_featured_media_url":"https:\/\/laserenaradio.cl\/web\/wp-content\/uploads\/2026\/03\/mediapiaiextstaticimg_webpOvalleescolartransporteCarabinerosseguridad_source-1-scaled.webp","jetpack_sharing_enabled":true,"_links":{"self":[{"href":"https:\/\/laserenaradio.cl\/web\/wp-json\/wp\/v2\/posts\/24499","targetHints":{"allow":["GET"]}}],"collection":[{"href":"https:\/\/laserenaradio.cl\/web\/wp-json\/wp\/v2\/posts"}],"about":[{"href":"https:\/\/laserenaradio.cl\/web\/wp-json\/wp\/v2\/types\/post"}],"author":[{"embeddable":true,"href":"https:\/\/laserenaradio.cl\/web\/wp-json\/wp\/v2\/users\/2"}],"replies":[{"embeddable":true,"href":"https:\/\/laserenaradio.cl\/web\/wp-json\/wp\/v2\/comments?post=24499"}],"version-history":[{"count":1,"href":"https:\/\/laserenaradio.cl\/web\/wp-json\/wp\/v2\/posts\/24499\/revisions"}],"predecessor-version":[{"id":24500,"href":"https:\/\/laserenaradio.cl\/web\/wp-json\/wp\/v2\/posts\/24499\/revisions\/24500"}],"wp:featuredmedia":[{"embeddable":true,"href":"https:\/\/laserenaradio.cl\/web\/wp-json\/wp\/v2\/media\/24498"}],"wp:attachment":[{"href":"https:\/\/laserenaradio.cl\/web\/wp-json\/wp\/v2\/media?parent=24499"}],"wp:term":[{"taxonomy":"category","embeddable":true,"href":"https:\/\/laserenaradio.cl\/web\/wp-json\/wp\/v2\/categories?post=24499"},{"taxonomy":"post_tag","embeddable":true,"href":"https:\/\/laserenaradio.cl\/web\/wp-json\/wp\/v2\/tags?post=24499"}],"curies":[{"name":"wp","href":"https:\/\/api.w.org\/{rel}","templated":true}]}}