{"id":24496,"date":"2026-03-06T22:35:00","date_gmt":"2026-03-07T01:35:00","guid":{"rendered":"https:\/\/laserenaradio.cl\/web\/?p=24496"},"modified":"2026-03-06T22:35:00","modified_gmt":"2026-03-07T01:35:00","slug":"mujeres-de-ovalle-participaron-en-la-expo-bienestar-mujer-2026-en-ovalle","status":"publish","type":"post","link":"https:\/\/laserenaradio.cl\/web\/2026\/03\/06\/mujeres-de-ovalle-participaron-en-la-expo-bienestar-mujer-2026-en-ovalle\/","title":{"rendered":"Mujeres de Ovalle participaron en la Expo Bienestar Mujer 2026 en Ovalle"},"content":{"rendered":"<p>La actividad, impulsada por el municipio de Ovalle, a trav\u00e9s de la Oficina de la Mujer y Diversidad, se llev\u00f3 a cabo en el Estadio Municipal Diaguita, donde las participantes pudieron disfrutar de una clase de yoga, zumba, atenci\u00f3n podol\u00f3gica, manicure y evaluaci\u00f3n dental.<\/p>\n<p>En el marco de la conmemoraci\u00f3n del D\u00eda Internacional de la Mujer, el municipio de Ovalle, a trav\u00e9s de la Oficina de la Mujer y la Diversidad, realiz\u00f3 la \u201cExpo Bienestar Mujer 2026\u201d, instancia que reuni\u00f3 a numerosas mujeres de la comuna en una jornada enfocada en el autocuidado, la participaci\u00f3n y el fortalecimiento del bienestar integral.<\/p>\n<p>La actividad se realiz\u00f3 en el Estadio Diaguita y tuvo como objetivo generar un espacio de encuentro y reflexi\u00f3n que permitiera reconocer la lucha hist\u00f3rica de las mujeres por la igualdad de derechos, la dignidad y la justicia social, as\u00ed como valorar el importante aporte que realizan diariamente en sus familias, comunidades y en el desarrollo de la comuna de Ovalle.<\/p>\n<p>Durante la jornada se desarrollaron diversas actividades orientadas a promover la salud f\u00edsica, emocional y social de las participantes. Entre ellas destacaron una sesi\u00f3n de yoga guiada por la profesora M\u00f3nica Herraz, enfocada en la conexi\u00f3n interior y el equilibrio entre cuerpo y mente, y una din\u00e1mica clase de zumba a cargo de Pilar Pizarro, que invit\u00f3 a las asistentes a participar activamente en un ambiente de alegr\u00eda y energ\u00eda.<\/p>\n<p>Adem\u00e1s, se habilitaron distintos espacios de apoyo y servicios para las asistentes, entre ellos atenci\u00f3n podol\u00f3gica, evaluaci\u00f3n dental y servicio de manicure, aportando al cuidado personal y al fortalecimiento de la autoestima de las mujeres participantes.<\/p>\n<p>La iniciativa cont\u00f3 tambi\u00e9n con la participaci\u00f3n de diversos programas y oficinas municipales, entre ellos el Programa de Prevenci\u00f3n, el Programa Mujeres, Derechos Sexuales y Reproductivos, el Programa Jefas de Hogar, SENDA-HPV, la Oficina Local de la Ni\u00f1ez (OLN), la Oficina de Asuntos Religiosos, la Oficina de Migraci\u00f3n, la Oficina de Asuntos Ind\u00edgenas, la Oficina del Adulto Mayor, FAE PRO y la Oficina de la Juventud.<\/p>\n<p>El alcalde de Ovalle, H\u00e9ctor Vega Campusano destac\u00f3 la importancia de este tipo de instancias y se\u00f1al\u00f3 que \u201cpara nosotros como municipio es fundamental generar espacios que promuevan el bienestar, la participaci\u00f3n y el reconocimiento del rol que cumplen las mujeres en nuestra comuna. Esta Expo Bienestar fue una oportunidad para compartir, reflexionar y fortalecer redes, pero tambi\u00e9n para impulsar iniciativas que contribuyan al desarrollo y la calidad de vida de las mujeres de Ovalle\u201d.<\/p>\n<p>Las participantes tambi\u00e9n valoraron la realizaci\u00f3n de esta actividad. Mar\u00eda Gonz\u00e1lez, una de las asistentes, sostuvo que \u201cestas instancias son muy positivas porque nos permiten compartir con otras mujeres, aprender sobre el autocuidado y sentirnos acompa\u00f1adas por el municipio en distintos \u00e1mbitos de nuestra vida\u201d.<\/p>\n<p>Por su parte, Ana Rojas se\u00f1al\u00f3 que \u201cme parece muy importante que se generen espacios como este, donde podamos participar, informarnos y tambi\u00e9n dedicar un tiempo para nosotras mismas. Fue una jornada muy bonita y bien organizada\u201d.<\/p>\n<p>En tanto, Carolina Cort\u00e9s, otra de las participantes, destac\u00f3 que \u201ceste tipo de actividades ayudan a fortalecer la uni\u00f3n entre mujeres y a visibilizar el rol que tenemos en la comunidad. Ojal\u00e1 se sigan realizando m\u00e1s iniciativas como esta durante el a\u00f1o\u201d.<\/p>\n","protected":false},"excerpt":{"rendered":"<p>La actividad, impulsada por el municipio de Ovalle, a trav\u00e9s de la Oficina de la Mujer y Diversidad, se llev\u00f3 a cabo en el Estadio Municipal Diaguita, donde las participantes pudieron disfrutar de una clase de yoga, zumba, atenci\u00f3n podol\u00f3gica, manicure y evaluaci\u00f3n dental. En el marco de la conmemoraci\u00f3n del D\u00eda Internacional de la [&hellip;]<\/p>\n","protected":false},"author":2,"featured_media":24495,"comment_status":"closed","ping_status":"open","sticky":false,"template":"","format":"standard","meta":{"_jetpack_memberships_contains_paid_content":false,"jnews-multi-image_gallery":[],"jnews_single_post":[],"jnews_primary_category":[],"jnews_social_meta":[],"jnews_paywall_metabox":[],"jnews_review":[],"enable_review":"","type":"","name":"","summary":"","brand":"","sku":"","good":[],"bad":[],"score_override":"","override_value":"","rating":[],"price":[],"jnews_override_counter":[],"jnews_post_split":[],"footnotes":""},"categories":[21],"tags":[],"class_list":["post-24496","post","type-post","status-publish","format-standard","has-post-thumbnail","hentry","category-nacional"],"jetpack_featured_media_url":"https:\/\/laserenaradio.cl\/web\/wp-content\/uploads\/2026\/03\/mediapiaiextstaticimg_webpMujeresOvalleOvalleOficinamujeresparticipantes_source-1-scaled.webp","jetpack_sharing_enabled":true,"_links":{"self":[{"href":"https:\/\/laserenaradio.cl\/web\/wp-json\/wp\/v2\/posts\/24496","targetHints":{"allow":["GET"]}}],"collection":[{"href":"https:\/\/laserenaradio.cl\/web\/wp-json\/wp\/v2\/posts"}],"about":[{"href":"https:\/\/laserenaradio.cl\/web\/wp-json\/wp\/v2\/types\/post"}],"author":[{"embeddable":true,"href":"https:\/\/laserenaradio.cl\/web\/wp-json\/wp\/v2\/users\/2"}],"replies":[{"embeddable":true,"href":"https:\/\/laserenaradio.cl\/web\/wp-json\/wp\/v2\/comments?post=24496"}],"version-history":[{"count":1,"href":"https:\/\/laserenaradio.cl\/web\/wp-json\/wp\/v2\/posts\/24496\/revisions"}],"predecessor-version":[{"id":24497,"href":"https:\/\/laserenaradio.cl\/web\/wp-json\/wp\/v2\/posts\/24496\/revisions\/24497"}],"wp:featuredmedia":[{"embeddable":true,"href":"https:\/\/laserenaradio.cl\/web\/wp-json\/wp\/v2\/media\/24495"}],"wp:attachment":[{"href":"https:\/\/laserenaradio.cl\/web\/wp-json\/wp\/v2\/media?parent=24496"}],"wp:term":[{"taxonomy":"category","embeddable":true,"href":"https:\/\/laserenaradio.cl\/web\/wp-json\/wp\/v2\/categories?post=24496"},{"taxonomy":"post_tag","embeddable":true,"href":"https:\/\/laserenaradio.cl\/web\/wp-json\/wp\/v2\/tags?post=24496"}],"curies":[{"name":"wp","href":"https:\/\/api.w.org\/{rel}","templated":true}]}}