{"id":24484,"date":"2026-03-06T17:34:05","date_gmt":"2026-03-06T20:34:05","guid":{"rendered":"https:\/\/laserenaradio.cl\/web\/?p=24484"},"modified":"2026-03-06T17:34:05","modified_gmt":"2026-03-06T20:34:05","slug":"antofagasta-impulsa-hasta-tres-operativos-de-retiros-de-enseres-por-semana","status":"publish","type":"post","link":"https:\/\/laserenaradio.cl\/web\/2026\/03\/06\/antofagasta-impulsa-hasta-tres-operativos-de-retiros-de-enseres-por-semana\/","title":{"rendered":"Antofagasta impulsa hasta tres operativos de retiros de enseres por semana"},"content":{"rendered":"<p>Entre dos y tres operativos semanales para el retiro de enseres realiza la Direcci\u00f3n de Aseo de la Municipalidad de Antofagasta en distintos barrios de la ciudad, en coordinaci\u00f3n con las respectivas juntas vecinales.<\/p>\n<p>Es as\u00ed que una de estas intervenciones tuvo lugar en la Poblaci\u00f3n Arturo Prat, que cont\u00f3 con la participaci\u00f3n de los llamados &#8220;chatarreros&#8221; que rescataron material que reutilizan, y as\u00ed permiten una mejor recolecci\u00f3n de material voluminoso para su disposici\u00f3n final en Chaqueta Blanca.<\/p>\n<p>Un vecino del sector catalog\u00f3 la actividad como &#8220;muy importante, as\u00ed limpiamos las casitas, para no botar en la calle. Usted sabe que la gente deja un cachureo en la calle, despu\u00e9s todos hacen lo mismo&#8230; estamos contentos&#8221;.<\/p>\n<p>Mientras que Kransa, que se dedica a la recolecci\u00f3n de material para su posterior reutilizaci\u00f3n, dijo que &#8220;esto ayuda en la parte del reciclaje porque hay partes que se pueden reutilizar y otras son para botar&#8221;.<\/p>\n<p>El alcalde de Antofagasta, Sacha Razmilic, destac\u00f3 la disposici\u00f3n y participaci\u00f3n de los vecinos de este barrios del sector alto norte de la ciudad, dado que &#8220;todos tenemos en la casa cachureos y escombros, por ejemplo colchones. Adem\u00e1s tenemos la participaci\u00f3n de recicladores que nos ayudan porque es menos volumen que llega a Chaqueta Blanca, y generamos una econom\u00eda circular&#8221;.<\/p>\n","protected":false},"excerpt":{"rendered":"<p>Entre dos y tres operativos semanales para el retiro de enseres realiza la Direcci\u00f3n de Aseo de la Municipalidad de Antofagasta en distintos barrios de la ciudad, en coordinaci\u00f3n con las respectivas juntas vecinales. Es as\u00ed que una de estas intervenciones tuvo lugar en la Poblaci\u00f3n Arturo Prat, que cont\u00f3 con la participaci\u00f3n de los [&hellip;]<\/p>\n","protected":false},"author":2,"featured_media":24483,"comment_status":"closed","ping_status":"open","sticky":false,"template":"","format":"standard","meta":{"_jetpack_memberships_contains_paid_content":false,"jnews-multi-image_gallery":[],"jnews_single_post":[],"jnews_primary_category":[],"jnews_social_meta":[],"jnews_paywall_metabox":[],"jnews_review":[],"enable_review":"","type":"","name":"","summary":"","brand":"","sku":"","good":[],"bad":[],"score_override":"","override_value":"","rating":[],"price":[],"jnews_override_counter":[],"jnews_post_split":[],"footnotes":""},"categories":[21],"tags":[],"class_list":["post-24484","post","type-post","status-publish","format-standard","has-post-thumbnail","hentry","category-nacional"],"jetpack_featured_media_url":"https:\/\/laserenaradio.cl\/web\/wp-content\/uploads\/2026\/03\/mediapiaiextstaticimg_webpMunicipiomaterialtresoperativosenseres_source.webp","jetpack_sharing_enabled":true,"_links":{"self":[{"href":"https:\/\/laserenaradio.cl\/web\/wp-json\/wp\/v2\/posts\/24484","targetHints":{"allow":["GET"]}}],"collection":[{"href":"https:\/\/laserenaradio.cl\/web\/wp-json\/wp\/v2\/posts"}],"about":[{"href":"https:\/\/laserenaradio.cl\/web\/wp-json\/wp\/v2\/types\/post"}],"author":[{"embeddable":true,"href":"https:\/\/laserenaradio.cl\/web\/wp-json\/wp\/v2\/users\/2"}],"replies":[{"embeddable":true,"href":"https:\/\/laserenaradio.cl\/web\/wp-json\/wp\/v2\/comments?post=24484"}],"version-history":[{"count":1,"href":"https:\/\/laserenaradio.cl\/web\/wp-json\/wp\/v2\/posts\/24484\/revisions"}],"predecessor-version":[{"id":24485,"href":"https:\/\/laserenaradio.cl\/web\/wp-json\/wp\/v2\/posts\/24484\/revisions\/24485"}],"wp:featuredmedia":[{"embeddable":true,"href":"https:\/\/laserenaradio.cl\/web\/wp-json\/wp\/v2\/media\/24483"}],"wp:attachment":[{"href":"https:\/\/laserenaradio.cl\/web\/wp-json\/wp\/v2\/media?parent=24484"}],"wp:term":[{"taxonomy":"category","embeddable":true,"href":"https:\/\/laserenaradio.cl\/web\/wp-json\/wp\/v2\/categories?post=24484"},{"taxonomy":"post_tag","embeddable":true,"href":"https:\/\/laserenaradio.cl\/web\/wp-json\/wp\/v2\/tags?post=24484"}],"curies":[{"name":"wp","href":"https:\/\/api.w.org\/{rel}","templated":true}]}}