{"id":24470,"date":"2026-03-06T13:40:32","date_gmt":"2026-03-06T16:40:32","guid":{"rendered":"https:\/\/laserenaradio.cl\/web\/?p=24470"},"modified":"2026-03-06T13:40:32","modified_gmt":"2026-03-06T16:40:32","slug":"homicidio-en-valparaiso-un-hombre-fallece-tras-recibir-disparos","status":"publish","type":"post","link":"https:\/\/laserenaradio.cl\/web\/2026\/03\/06\/homicidio-en-valparaiso-un-hombre-fallece-tras-recibir-disparos\/","title":{"rendered":"Homicidio en Valpara\u00edso: Un hombre fallece tras recibir disparos"},"content":{"rendered":"<p>La Polic\u00eda de Investigaciones (<a href=\"https:\/\/www.pdichile.cl\/\">PDI<\/a>) indaga un homicidio en Valpara\u00edso, donde una persona falleci\u00f3 tras recibir al menos dos disparos. Seg\u00fan Radio B\u00edo B\u00edo, el incidente ocurri\u00f3 este jueves y la v\u00edctima fue abandonada a las afueras del SAPU de Quebrada Verde, en Playa Ancha.<\/p>\n<p>La lesi\u00f3n grave result\u00f3 fatal para el individuo, quien fue trasladado en ambulancia SAMU al Hospital Carlos Van Buren. A pesar de los intentos m\u00e9dicos por salvarlo, la v\u00edctima muri\u00f3 debido a las heridas bal\u00edsticas.<\/p>\n<p>Mientras tanto, la Brigada de Homicidios (BH) de <a href=\"https:\/\/www.pdichile.cl\/\">PDI<\/a> realiza diligencias para esclarecer los detalles y determinar la din\u00e1mica de este crimen.<\/p>\n<p><small><i><strong>Aviso de transparencia:<\/strong> Este art\u00edculo ha sido elaborado con la asistencia de Inteligencia Artificial para optimizar el procesamiento de informaci\u00f3n. Sin embargo, todo el contenido ha sido revisado, editado y validado por el equipo period\u00edstico de <strong><a href=\"https:\/\/laserenaradio.cl\/web\/\">LaSerenaRadio.cl<\/a><\/strong>, garantizando nuestra l\u00ednea editorial y veracidad informativa.<\/i><\/small><\/p>\n","protected":false},"excerpt":{"rendered":"<p>La Polic\u00eda de Investigaciones (PDI) indaga un homicidio en Valpara\u00edso, donde una persona falleci\u00f3 tras recibir al menos dos disparos. Seg\u00fan Radio B\u00edo B\u00edo, el incidente ocurri\u00f3 este jueves y la v\u00edctima fue abandonada a las afueras del SAPU de Quebrada Verde, en Playa Ancha. La lesi\u00f3n grave result\u00f3 fatal para el individuo, quien fue [&hellip;]<\/p>\n","protected":false},"author":2,"featured_media":24469,"comment_status":"closed","ping_status":"open","sticky":false,"template":"","format":"standard","meta":{"_jetpack_memberships_contains_paid_content":false,"jnews-multi-image_gallery":[],"jnews_single_post":[],"jnews_primary_category":[],"jnews_social_meta":[],"jnews_paywall_metabox":[],"jnews_review":[],"enable_review":"","type":"","name":"","summary":"","brand":"","sku":"","good":[],"bad":[],"score_override":"","override_value":"","rating":[],"price":[],"jnews_override_counter":[],"jnews_post_split":[],"footnotes":""},"categories":[21],"tags":[],"class_list":["post-24470","post","type-post","status-publish","format-standard","has-post-thumbnail","hentry","category-nacional"],"jetpack_featured_media_url":"https:\/\/laserenaradio.cl\/web\/wp-content\/uploads\/2026\/03\/mediapiaiextstaticimg_webpferialibrehomicidioTemuco_1.webp","jetpack_sharing_enabled":true,"_links":{"self":[{"href":"https:\/\/laserenaradio.cl\/web\/wp-json\/wp\/v2\/posts\/24470","targetHints":{"allow":["GET"]}}],"collection":[{"href":"https:\/\/laserenaradio.cl\/web\/wp-json\/wp\/v2\/posts"}],"about":[{"href":"https:\/\/laserenaradio.cl\/web\/wp-json\/wp\/v2\/types\/post"}],"author":[{"embeddable":true,"href":"https:\/\/laserenaradio.cl\/web\/wp-json\/wp\/v2\/users\/2"}],"replies":[{"embeddable":true,"href":"https:\/\/laserenaradio.cl\/web\/wp-json\/wp\/v2\/comments?post=24470"}],"version-history":[{"count":1,"href":"https:\/\/laserenaradio.cl\/web\/wp-json\/wp\/v2\/posts\/24470\/revisions"}],"predecessor-version":[{"id":24471,"href":"https:\/\/laserenaradio.cl\/web\/wp-json\/wp\/v2\/posts\/24470\/revisions\/24471"}],"wp:featuredmedia":[{"embeddable":true,"href":"https:\/\/laserenaradio.cl\/web\/wp-json\/wp\/v2\/media\/24469"}],"wp:attachment":[{"href":"https:\/\/laserenaradio.cl\/web\/wp-json\/wp\/v2\/media?parent=24470"}],"wp:term":[{"taxonomy":"category","embeddable":true,"href":"https:\/\/laserenaradio.cl\/web\/wp-json\/wp\/v2\/categories?post=24470"},{"taxonomy":"post_tag","embeddable":true,"href":"https:\/\/laserenaradio.cl\/web\/wp-json\/wp\/v2\/tags?post=24470"}],"curies":[{"name":"wp","href":"https:\/\/api.w.org\/{rel}","templated":true}]}}