{"id":24465,"date":"2026-03-05T22:52:19","date_gmt":"2026-03-06T01:52:19","guid":{"rendered":"https:\/\/laserenaradio.cl\/web\/?p=24465"},"modified":"2026-03-05T22:52:19","modified_gmt":"2026-03-06T01:52:19","slug":"antofagasta-con-un-60-de-progreso-avanza-pavimentacion-y-ampliacion-de-avenida-sierra-nevada","status":"publish","type":"post","link":"https:\/\/laserenaradio.cl\/web\/2026\/03\/05\/antofagasta-con-un-60-de-progreso-avanza-pavimentacion-y-ampliacion-de-avenida-sierra-nevada\/","title":{"rendered":"Antofagasta: Con un 60% de progreso avanza pavimentaci\u00f3n y ampliaci\u00f3n de avenida sierra nevada"},"content":{"rendered":"<p>A toda m\u00e1quina avanzan las obras de pavimentaci\u00f3n y ampliaci\u00f3n de la calzada en calle Sierra Nevada, en el tramo oriente del Parque Juan L\u00f3pez, entre Mario Silva y Caparrosa. El proyecto contempla la ampliaci\u00f3n de la v\u00eda, veredas, iluminaci\u00f3n y mayor seguridad vial, con plazo de t\u00e9rmino en el mes de agosto.<\/p>\n<p>As\u00ed lo dio a conocer el alcalde Sacha Razmilic, manifestando que esta esperada v\u00eda lleva un 60% de avance y que estar\u00eda disponible en los pr\u00f3ximos meses. &#8220;Se ampl\u00eda lo que es la calzada, se ampl\u00eda lo que son las veredas, se pone iluminaci\u00f3n. Esta era una calle estrecha , muy congestionada. Nos va a servir para descongestionar a la avenida en Pedro Aguirre Cerda y tambi\u00e9n darle una mejor vialidad a todos los condominios sociales que est\u00e1n desde aqu\u00ed al oriente y hacia el norte, por lo tanto, la municipalidad haciendo su trabajo con obras importantes para todos los vecinos y avanzando de acuerdo con los plazos&#8221;, indic\u00f3.<\/p>\n<p>El Inspector de Obras, Eduardo Figueroa, subray\u00f3 la importancia estrat\u00e9gica del proyecto, agregando que &#8220;a fines de marzo se aplicar\u00e1 la carpeta de binder para poder realizar el bypaseo de los veh\u00edculos que hoy se trasladan en la antigua v\u00eda que m\u00e1s menos son tres metros. Ahora, tendr\u00e1n m\u00e1s de 7 metros para poder trasladarse y a partir de abril comenzamos con la segunda etapa. La fecha de t\u00e9rmino contractual es en agosto pero esperamos sacarlo antes de la fecha estipulada&#8221;.<\/p>\n<p>La nueva calzada considera un ancho de 14 metros, adem\u00e1s de iluminaci\u00f3n por ambos lados, generando con ello una mayor transitabilidad y seguridad para los vecinos del sector. Precisemos que esta obra es financiada en su totalidad con fondos municipales y se enmarca en una estrategia de continuidad vial.<\/p>\n","protected":false},"excerpt":{"rendered":"<p>A toda m\u00e1quina avanzan las obras de pavimentaci\u00f3n y ampliaci\u00f3n de la calzada en calle Sierra Nevada, en el tramo oriente del Parque Juan L\u00f3pez, entre Mario Silva y Caparrosa. El proyecto contempla la ampliaci\u00f3n de la v\u00eda, veredas, iluminaci\u00f3n y mayor seguridad vial, con plazo de t\u00e9rmino en el mes de agosto. As\u00ed lo [&hellip;]<\/p>\n","protected":false},"author":2,"featured_media":24464,"comment_status":"closed","ping_status":"open","sticky":false,"template":"","format":"standard","meta":{"_jetpack_memberships_contains_paid_content":false,"jnews-multi-image_gallery":[],"jnews_single_post":[],"jnews_primary_category":[],"jnews_social_meta":[],"jnews_paywall_metabox":[],"jnews_review":[],"enable_review":"","type":"","name":"","summary":"","brand":"","sku":"","good":[],"bad":[],"score_override":"","override_value":"","rating":[],"price":[],"jnews_override_counter":[],"jnews_post_split":[],"footnotes":""},"categories":[21],"tags":[],"class_list":["post-24465","post","type-post","status-publish","format-standard","has-post-thumbnail","hentry","category-nacional"],"jetpack_featured_media_url":"https:\/\/laserenaradio.cl\/web\/wp-content\/uploads\/2026\/03\/mediapiaiextstaticimg_webpjpgcalzadametrosobras_source.webp","jetpack_sharing_enabled":true,"_links":{"self":[{"href":"https:\/\/laserenaradio.cl\/web\/wp-json\/wp\/v2\/posts\/24465","targetHints":{"allow":["GET"]}}],"collection":[{"href":"https:\/\/laserenaradio.cl\/web\/wp-json\/wp\/v2\/posts"}],"about":[{"href":"https:\/\/laserenaradio.cl\/web\/wp-json\/wp\/v2\/types\/post"}],"author":[{"embeddable":true,"href":"https:\/\/laserenaradio.cl\/web\/wp-json\/wp\/v2\/users\/2"}],"replies":[{"embeddable":true,"href":"https:\/\/laserenaradio.cl\/web\/wp-json\/wp\/v2\/comments?post=24465"}],"version-history":[{"count":1,"href":"https:\/\/laserenaradio.cl\/web\/wp-json\/wp\/v2\/posts\/24465\/revisions"}],"predecessor-version":[{"id":24466,"href":"https:\/\/laserenaradio.cl\/web\/wp-json\/wp\/v2\/posts\/24465\/revisions\/24466"}],"wp:featuredmedia":[{"embeddable":true,"href":"https:\/\/laserenaradio.cl\/web\/wp-json\/wp\/v2\/media\/24464"}],"wp:attachment":[{"href":"https:\/\/laserenaradio.cl\/web\/wp-json\/wp\/v2\/media?parent=24465"}],"wp:term":[{"taxonomy":"category","embeddable":true,"href":"https:\/\/laserenaradio.cl\/web\/wp-json\/wp\/v2\/categories?post=24465"},{"taxonomy":"post_tag","embeddable":true,"href":"https:\/\/laserenaradio.cl\/web\/wp-json\/wp\/v2\/tags?post=24465"}],"curies":[{"name":"wp","href":"https:\/\/api.w.org\/{rel}","templated":true}]}}