{"id":24459,"date":"2026-03-05T22:45:04","date_gmt":"2026-03-06T01:45:04","guid":{"rendered":"https:\/\/laserenaradio.cl\/web\/?p=24459"},"modified":"2026-03-05T22:45:04","modified_gmt":"2026-03-06T01:45:04","slug":"se-declara-alerta-amarilla-para-la-comuna-de-marchihue-por-incendio-forestal","status":"publish","type":"post","link":"https:\/\/laserenaradio.cl\/web\/2026\/03\/05\/se-declara-alerta-amarilla-para-la-comuna-de-marchihue-por-incendio-forestal\/","title":{"rendered":"Se declara Alerta Amarilla para la comuna de Marchihue por incendio forestal"},"content":{"rendered":"<p>De acuerdo con la informaci\u00f3n\u00a0t\u00e9cnica proporcionada por Conaf\u00a0respecto al incendio forestal en la comuna de  Marchihue, se informa el siguiente detalle:<\/p>\n<table>\n<tbody>\n<tr>\n<td><a name=\"_Hlk182357831\">Nombre del incendio<\/a>\n<\/td>\n<td>Mallermo 4\n<\/td>\n<\/tr>\n<tr>\n<td>Estado\n<\/td>\n<td>En combate\n<\/td>\n<\/tr>\n<tr>\n<td>Superficie\n<\/td>\n<td>6 hect\u00e1reas\n<\/td>\n<\/tr>\n<tr>\n<td>Recursos\n<\/td>\n<td>Cuerpo de Bomberos de  Marchihue y La Estrella<br \/>\n6 brigadas, 3 t\u00e9cnicos, 4 helic\u00f3pteros, 2 aviones cisterna, 3 maquinaria skidder, 3 camiones aljibe y 1 puesto de mando CONAF\n<\/td>\n<\/tr>\n<tr>\n<td>Observaciones\n<\/td>\n<td>Incendio se desarrolla a una distancia aproximada de 1300 metros de sectores poblados.\n<\/td>\n<\/tr>\n<\/tbody>\n<\/table>\n<p>En consideraci\u00f3n a estos antecedentes y en base a la informaci\u00f3n t\u00e9cnica proporcionada por CONAF, la\u00a0Direcci\u00f3n Regional de SENAPRED declara Alerta Amarilla para la comuna de Marchihue por incendio\u00a0forestal, vigente desde hoy y hasta que las condiciones del incendio as\u00ed lo ameriten.<\/p>\n<p>Con la declaraci\u00f3n de la Alerta Amarilla, se alistar\u00e1n escalonadamente los recursos necesarios, en apoyo\u00a0adicional a lo ya desplegado por CONAF, Bomberos y el Sistema Nacional de Prevenci\u00f3n y Respuesta ante\u00a0Desastres; para intervenir de acuerdo a la evoluci\u00f3n del evento, con el objeto de evitar que \u00e9ste crezca en\u00a0extensi\u00f3n y severidad, minimizando los efectos negativos en las personas, sus bienes y el medio ambiente.<\/p>\n","protected":false},"excerpt":{"rendered":"<p>De acuerdo con la informaci\u00f3n\u00a0t\u00e9cnica proporcionada por Conaf\u00a0respecto al incendio forestal en la comuna de Marchihue, se informa el siguiente detalle: Nombre del incendio Mallermo 4 Estado En combate Superficie 6 hect\u00e1reas Recursos Cuerpo de Bomberos de Marchihue y La Estrella 6 brigadas, 3 t\u00e9cnicos, 4 helic\u00f3pteros, 2 aviones cisterna, 3 maquinaria skidder, 3 camiones [&hellip;]<\/p>\n","protected":false},"author":2,"featured_media":24458,"comment_status":"closed","ping_status":"open","sticky":false,"template":"","format":"standard","meta":{"_jetpack_memberships_contains_paid_content":false,"jnews-multi-image_gallery":[],"jnews_single_post":[],"jnews_primary_category":[],"jnews_social_meta":[],"jnews_paywall_metabox":[],"jnews_review":[],"enable_review":"","type":"","name":"","summary":"","brand":"","sku":"","good":[],"bad":[],"score_override":"","override_value":"","rating":[],"price":[],"jnews_override_counter":[],"jnews_post_split":[],"footnotes":""},"categories":[21],"tags":[],"class_list":["post-24459","post","type-post","status-publish","format-standard","has-post-thumbnail","hentry","category-nacional"],"jetpack_featured_media_url":"https:\/\/laserenaradio.cl\/web\/wp-content\/uploads\/2026\/03\/mediapiaiextstaticimg_webptdtrincendioMarchihue_0.webp","jetpack_sharing_enabled":true,"_links":{"self":[{"href":"https:\/\/laserenaradio.cl\/web\/wp-json\/wp\/v2\/posts\/24459","targetHints":{"allow":["GET"]}}],"collection":[{"href":"https:\/\/laserenaradio.cl\/web\/wp-json\/wp\/v2\/posts"}],"about":[{"href":"https:\/\/laserenaradio.cl\/web\/wp-json\/wp\/v2\/types\/post"}],"author":[{"embeddable":true,"href":"https:\/\/laserenaradio.cl\/web\/wp-json\/wp\/v2\/users\/2"}],"replies":[{"embeddable":true,"href":"https:\/\/laserenaradio.cl\/web\/wp-json\/wp\/v2\/comments?post=24459"}],"version-history":[{"count":1,"href":"https:\/\/laserenaradio.cl\/web\/wp-json\/wp\/v2\/posts\/24459\/revisions"}],"predecessor-version":[{"id":24460,"href":"https:\/\/laserenaradio.cl\/web\/wp-json\/wp\/v2\/posts\/24459\/revisions\/24460"}],"wp:featuredmedia":[{"embeddable":true,"href":"https:\/\/laserenaradio.cl\/web\/wp-json\/wp\/v2\/media\/24458"}],"wp:attachment":[{"href":"https:\/\/laserenaradio.cl\/web\/wp-json\/wp\/v2\/media?parent=24459"}],"wp:term":[{"taxonomy":"category","embeddable":true,"href":"https:\/\/laserenaradio.cl\/web\/wp-json\/wp\/v2\/categories?post=24459"},{"taxonomy":"post_tag","embeddable":true,"href":"https:\/\/laserenaradio.cl\/web\/wp-json\/wp\/v2\/tags?post=24459"}],"curies":[{"name":"wp","href":"https:\/\/api.w.org\/{rel}","templated":true}]}}