{"id":24456,"date":"2026-03-05T22:39:51","date_gmt":"2026-03-06T01:39:51","guid":{"rendered":"https:\/\/laserenaradio.cl\/web\/?p=24456"},"modified":"2026-03-05T22:39:51","modified_gmt":"2026-03-06T01:39:51","slug":"municipio-de-ovalle-anuncia-calendario-de-operativos-de-basura-historica-para-el-mes-de-marzo","status":"publish","type":"post","link":"https:\/\/laserenaradio.cl\/web\/2026\/03\/05\/municipio-de-ovalle-anuncia-calendario-de-operativos-de-basura-historica-para-el-mes-de-marzo\/","title":{"rendered":"Municipio de Ovalle anuncia calendario de operativos de \u00abBasura Hist\u00f3rica\u00bb para el mes de marzo"},"content":{"rendered":"<p>La iniciativa municipal busca eliminar residuos voluminosos permitiendo que los vecinos se deshagan de estos desechos que el cami\u00f3n recolector tradicional no retira. El despliegue contempla ocho jornadas que abarcar\u00e1n sectores urbanos y rurales de la comuna.<\/p>\n<p>La Municipalidad de Ovalle dio a conocer el cronograma oficial de los operativos mensuales de recolecci\u00f3n de\u00a0Basura Hist\u00f3rica\u00a0correspondientes a marzo de 2026. Esta campa\u00f1a, realizada por el Departamento de Medio Ambiente, Aseo y Ornato, tiene como objetivo principal facilitar a la comunidad la eliminaci\u00f3n de art\u00edculos de gran tama\u00f1o \u2014como muebles viejos, colchones o restos de l\u00ednea blanca\u2014, fomentando as\u00ed la limpieza y el orden en los distintos barrios de la ciudad.<\/p>\n<p>El calendario de este mes contempla intervenciones todos los\u00a0jueves y s\u00e1bados, comenzando este jueves 5 de marzo en los sectores de Villa Los Pimientos y Las Tranqueras. El operativo permite que los vecinos saquen a la v\u00eda p\u00fablica aquellos desechos que, por sus dimensiones, no pueden ser transportados por el servicio de recolecci\u00f3n domiciliaria habitual.<\/p>\n<p>El alcalde de Ovalle, H\u00e9ctor Vega Campusano hizo \u201cun llamado a la comunidad a participar activamente revisando la fecha que corresponde a su sector para sacar los residuos de manera oportuna\u201d y enfatiz\u00f3 que \u201cel \u00e9xito de esta medida depende de la colaboraci\u00f3n de todos los habitantes para construir una comuna m\u00e1s limpia, ordenada y sustentable\u201d.<\/p>\n<p>El director de Medio Ambiente, Aseo y Ornato, Marcelo Tabilo recomend\u00f3 a los vecinos \u201cestar atentos a los horarios de paso de los camiones especiales en sus respectivas juntas de vecinos. Hay que recordar que este beneficio es exclusivo para desechos voluminosos y no para basura org\u00e1nica domiciliaria\u201d, puntualiz\u00f3.<\/p>\n<p>Cronograma de sectores y fechas<\/p>\n<p>De acuerdo a la planificaci\u00f3n entregada por la casa consistorial, los operativos de recolecci\u00f3n de basura hist\u00f3rica durante el mes de marzo comenzar\u00e1n el jueves 5 en Villa Los Pimientos y Las Tranqueras, continuando el s\u00e1bado 7 en Carachilla y el jueves 12 en Cancha Rayada y El Manzano.<\/p>\n<p>La programaci\u00f3n sigue el s\u00e1bado 14 en Poblaci\u00f3n Stecher y Canihuante, el jueves 19 en Media Hacienda, y el s\u00e1bado 21 en la localidad de Sotaqu\u00ed. Finalmente, las jornadas de limpieza cerrar\u00e1n el jueves 26 en El Molino, Villa El Molino y Poblaci\u00f3n Pac\u00edfico, para concluir el s\u00e1bado 28 en el sector de La Placa.<\/p>\n","protected":false},"excerpt":{"rendered":"<p>La iniciativa municipal busca eliminar residuos voluminosos permitiendo que los vecinos se deshagan de estos desechos que el cami\u00f3n recolector tradicional no retira. El despliegue contempla ocho jornadas que abarcar\u00e1n sectores urbanos y rurales de la comuna. La Municipalidad de Ovalle dio a conocer el cronograma oficial de los operativos mensuales de recolecci\u00f3n de\u00a0Basura Hist\u00f3rica\u00a0correspondientes [&hellip;]<\/p>\n","protected":false},"author":2,"featured_media":24455,"comment_status":"closed","ping_status":"open","sticky":false,"template":"","format":"standard","meta":{"_jetpack_memberships_contains_paid_content":false,"jnews-multi-image_gallery":[],"jnews_single_post":[],"jnews_primary_category":[],"jnews_social_meta":[],"jnews_paywall_metabox":[],"jnews_review":[],"enable_review":"","type":"","name":"","summary":"","brand":"","sku":"","good":[],"bad":[],"score_override":"","override_value":"","rating":[],"price":[],"jnews_override_counter":[],"jnews_post_split":[],"footnotes":""},"categories":[21],"tags":[],"class_list":["post-24456","post","type-post","status-publish","format-standard","has-post-thumbnail","hentry","category-nacional"],"jetpack_featured_media_url":"https:\/\/laserenaradio.cl\/web\/wp-content\/uploads\/2026\/03\/mediapiaiextstaticimg_webpMunicipioOvallejuevesvecinosmarzodesechos_source.webp","jetpack_sharing_enabled":true,"_links":{"self":[{"href":"https:\/\/laserenaradio.cl\/web\/wp-json\/wp\/v2\/posts\/24456","targetHints":{"allow":["GET"]}}],"collection":[{"href":"https:\/\/laserenaradio.cl\/web\/wp-json\/wp\/v2\/posts"}],"about":[{"href":"https:\/\/laserenaradio.cl\/web\/wp-json\/wp\/v2\/types\/post"}],"author":[{"embeddable":true,"href":"https:\/\/laserenaradio.cl\/web\/wp-json\/wp\/v2\/users\/2"}],"replies":[{"embeddable":true,"href":"https:\/\/laserenaradio.cl\/web\/wp-json\/wp\/v2\/comments?post=24456"}],"version-history":[{"count":1,"href":"https:\/\/laserenaradio.cl\/web\/wp-json\/wp\/v2\/posts\/24456\/revisions"}],"predecessor-version":[{"id":24457,"href":"https:\/\/laserenaradio.cl\/web\/wp-json\/wp\/v2\/posts\/24456\/revisions\/24457"}],"wp:featuredmedia":[{"embeddable":true,"href":"https:\/\/laserenaradio.cl\/web\/wp-json\/wp\/v2\/media\/24455"}],"wp:attachment":[{"href":"https:\/\/laserenaradio.cl\/web\/wp-json\/wp\/v2\/media?parent=24456"}],"wp:term":[{"taxonomy":"category","embeddable":true,"href":"https:\/\/laserenaradio.cl\/web\/wp-json\/wp\/v2\/categories?post=24456"},{"taxonomy":"post_tag","embeddable":true,"href":"https:\/\/laserenaradio.cl\/web\/wp-json\/wp\/v2\/tags?post=24456"}],"curies":[{"name":"wp","href":"https:\/\/api.w.org\/{rel}","templated":true}]}}