{"id":24441,"date":"2026-03-05T13:30:06","date_gmt":"2026-03-05T16:30:06","guid":{"rendered":"https:\/\/laserenaradio.cl\/web\/?p=24441"},"modified":"2026-03-05T13:30:06","modified_gmt":"2026-03-05T16:30:06","slug":"se-declara-alerta-temprana-preventiva-para-la-region-de-valparaiso-por-evento-zoosanitario","status":"publish","type":"post","link":"https:\/\/laserenaradio.cl\/web\/2026\/03\/05\/se-declara-alerta-temprana-preventiva-para-la-region-de-valparaiso-por-evento-zoosanitario\/","title":{"rendered":"Se declara Alerta Temprana Preventiva para la Regi\u00f3n de Valpara\u00edso por evento zoosanitario"},"content":{"rendered":"<p>De acuerdo con los antecedentes proporcionados por el Servicio Agr\u00edcola y Ganadero (SAG), mediante la resoluci\u00f3n exenta N\u00b01833\/2026, ha sido declarada Emergencia Zoosanitaria y activado el Sistema Nacional de Emergencia del SAG, por la detecci\u00f3n del virus \u201cInfluenza Aviar H5N1 de alta patogenicidad\u201d.<\/p>\n<p>Asimismo, SAG, ha confirmado la presencia de Influenza Aviar de alta patogenicidad (H5N1) en aves silvestres encontradas en el Humedal el Yali ubicado en la comuna de Santo Domingo, generando una condici\u00f3n que prev\u00e9 un peligro zoosanitario para el resto de la regi\u00f3n.<\/p>\n<p>En consideraci\u00f3n a estos antecedentes y en coordinaci\u00f3n con la Delegaci\u00f3n Presidencial Regional de Valpara\u00edso, la Direcci\u00f3n Regional del SENAPRED, declara Alerta Temprana Preventiva Regional por evento zoosanitario, vigente desde hoy y hasta que las condiciones as\u00ed lo ameriten.<\/p>\n<p>La declaraci\u00f3n de esta alerta se constituye como un estado de reforzamiento de la vigilancia, mediante el monitoreo preciso y riguroso de las condiciones de riesgo y las respectivas vulnerabilidades asociadas a la amenaza, coordinando y activando al Sistema Nacional de Prevenci\u00f3n y Respuesta ante Desastres (SINAPRED) con el fin de actuar oportunamente frente a eventuales situaciones de emergencia.<\/p>\n","protected":false},"excerpt":{"rendered":"<p>De acuerdo con los antecedentes proporcionados por el Servicio Agr\u00edcola y Ganadero (SAG), mediante la resoluci\u00f3n exenta N\u00b01833\/2026, ha sido declarada Emergencia Zoosanitaria y activado el Sistema Nacional de Emergencia del SAG, por la detecci\u00f3n del virus \u201cInfluenza Aviar H5N1 de alta patogenicidad\u201d. Asimismo, SAG, ha confirmado la presencia de Influenza Aviar de alta patogenicidad [&hellip;]<\/p>\n","protected":false},"author":2,"featured_media":24440,"comment_status":"closed","ping_status":"open","sticky":false,"template":"","format":"standard","meta":{"_jetpack_memberships_contains_paid_content":false,"jnews-multi-image_gallery":[],"jnews_single_post":[],"jnews_primary_category":[],"jnews_social_meta":[],"jnews_paywall_metabox":[],"jnews_review":[],"enable_review":"","type":"","name":"","summary":"","brand":"","sku":"","good":[],"bad":[],"score_override":"","override_value":"","rating":[],"price":[],"jnews_override_counter":[],"jnews_post_split":[],"footnotes":""},"categories":[21],"tags":[],"class_list":["post-24441","post","type-post","status-publish","format-standard","has-post-thumbnail","hentry","category-nacional"],"jetpack_featured_media_url":"https:\/\/laserenaradio.cl\/web\/wp-content\/uploads\/2026\/03\/mediapiaiextstaticimg_webpSenapredAlerta_1.webp","jetpack_sharing_enabled":true,"_links":{"self":[{"href":"https:\/\/laserenaradio.cl\/web\/wp-json\/wp\/v2\/posts\/24441","targetHints":{"allow":["GET"]}}],"collection":[{"href":"https:\/\/laserenaradio.cl\/web\/wp-json\/wp\/v2\/posts"}],"about":[{"href":"https:\/\/laserenaradio.cl\/web\/wp-json\/wp\/v2\/types\/post"}],"author":[{"embeddable":true,"href":"https:\/\/laserenaradio.cl\/web\/wp-json\/wp\/v2\/users\/2"}],"replies":[{"embeddable":true,"href":"https:\/\/laserenaradio.cl\/web\/wp-json\/wp\/v2\/comments?post=24441"}],"version-history":[{"count":1,"href":"https:\/\/laserenaradio.cl\/web\/wp-json\/wp\/v2\/posts\/24441\/revisions"}],"predecessor-version":[{"id":24442,"href":"https:\/\/laserenaradio.cl\/web\/wp-json\/wp\/v2\/posts\/24441\/revisions\/24442"}],"wp:featuredmedia":[{"embeddable":true,"href":"https:\/\/laserenaradio.cl\/web\/wp-json\/wp\/v2\/media\/24440"}],"wp:attachment":[{"href":"https:\/\/laserenaradio.cl\/web\/wp-json\/wp\/v2\/media?parent=24441"}],"wp:term":[{"taxonomy":"category","embeddable":true,"href":"https:\/\/laserenaradio.cl\/web\/wp-json\/wp\/v2\/categories?post=24441"},{"taxonomy":"post_tag","embeddable":true,"href":"https:\/\/laserenaradio.cl\/web\/wp-json\/wp\/v2\/tags?post=24441"}],"curies":[{"name":"wp","href":"https:\/\/api.w.org\/{rel}","templated":true}]}}