{"id":24431,"date":"2026-03-05T12:36:47","date_gmt":"2026-03-05T15:36:47","guid":{"rendered":"https:\/\/laserenaradio.cl\/web\/?p=24431"},"modified":"2026-03-05T12:36:47","modified_gmt":"2026-03-05T15:36:47","slug":"se-mantiene-estable-menor-de-4-anos-electrocutado-en-supermercado-de-la-serena","status":"publish","type":"post","link":"https:\/\/laserenaradio.cl\/web\/2026\/03\/05\/se-mantiene-estable-menor-de-4-anos-electrocutado-en-supermercado-de-la-serena\/","title":{"rendered":"Se mantiene estable menor de 4 a\u00f1os electrocutado en supermercado de La Serena"},"content":{"rendered":"<p>Estable dentro de su gravedad se mantiene el menor de cuatro a\u00f1os electrocutado en un supermercado de La Serena, regi\u00f3n de Coquimbo. <\/p>\n<p>Fue el pasado 28 de febrero cuando el ni\u00f1o recibi\u00f3 una descarga el\u00e9ctrica en el Santa Isabel ubicado en avenida Cuatro Esquinas.<\/p>\n<p>Dicha descarga hizo que fuera trasladado de urgencias y \u201cen riesgo vital\u201d a un centro de Salud en la comuna. <\/p>\n<p>Durante este mi\u00e9rcoles, el equipo m\u00e9dico del Hospital San Pablo de Coquimbo (donde permanece internado el menor en la UCI) actualiz\u00f3 su estado de salud.<\/p>\n<p>Desde el centro m\u00e9dico, detallaron que se encuentra \u201cestable dentro de su gravedad\u201d y contin\u00faa bajo monitoreo constante. <\/p>\n<p>Seg\u00fan informa Diario El D\u00eda, las c\u00e1maras de seguridad muestran al menor jugando en la zona de autoservicio cuando tom\u00f3 una baranda met\u00e1lica delimitando el espacio y recibi\u00f3 una descarga el\u00e9ctrica, quedando inconsciente.<\/p>\n<p>Tras el accidente, la Polic\u00eda de Investigaciones realiz\u00f3 peritajes en el supermercado. El local permaneci\u00f3 cerrado \u00fanicamente durante el domingo para las diligencias y posteriormente retom\u00f3 su funcionamiento normal.<\/p>\n<p>Sin embargo, el \u00e1rea de autoservicio donde ocurri\u00f3 el incidente sigue cerrada y cercada con pallets de madera.<\/p>\n<p>La Superintendencia de Electricidad y Combustibles (SEC) confirm\u00f3 el inicio de una investigaci\u00f3n para determinar eventuales responsabilidades y posibles sanciones. Este proceso busca establecer si existieron fallas en las instalaciones el\u00e9ctricas del recinto.<\/p>\n<p><small><i><strong>Aviso de transparencia:<\/strong> Este art\u00edculo ha sido elaborado con la asistencia de Inteligencia Artificial para optimizar el procesamiento de informaci\u00f3n. Sin embargo, todo el contenido ha sido revisado, editado y validado por el equipo period\u00edstico de <strong><a href=\"https:\/\/laserenaradio.cl\/web\/\">LaSerenaRadio.cl<\/a><\/strong>, garantizando nuestra l\u00ednea editorial y veracidad informativa.<\/i><\/small><\/p>\n","protected":false},"excerpt":{"rendered":"<p>Estable dentro de su gravedad se mantiene el menor de cuatro a\u00f1os electrocutado en un supermercado de La Serena, regi\u00f3n de Coquimbo. Fue el pasado 28 de febrero cuando el ni\u00f1o recibi\u00f3 una descarga el\u00e9ctrica en el Santa Isabel ubicado en avenida Cuatro Esquinas. Dicha descarga hizo que fuera trasladado de urgencias y \u201cen riesgo [&hellip;]<\/p>\n","protected":false},"author":2,"featured_media":9076,"comment_status":"closed","ping_status":"open","sticky":false,"template":"","format":"standard","meta":{"_jetpack_memberships_contains_paid_content":false,"jnews-multi-image_gallery":[],"jnews_single_post":[],"jnews_primary_category":[],"jnews_social_meta":[],"jnews_paywall_metabox":[],"jnews_review":[],"enable_review":"","type":"","name":"","summary":"","brand":"","sku":"","good":[],"bad":[],"score_override":"","override_value":"","rating":[],"price":[],"jnews_override_counter":[],"jnews_post_split":[],"footnotes":""},"categories":[21],"tags":[],"class_list":["post-24431","post","type-post","status-publish","format-standard","has-post-thumbnail","hentry","category-nacional"],"jetpack_featured_media_url":"https:\/\/laserenaradio.cl\/web\/wp-content\/uploads\/2024\/12\/laserenaradio_nacional.webp","jetpack_sharing_enabled":true,"_links":{"self":[{"href":"https:\/\/laserenaradio.cl\/web\/wp-json\/wp\/v2\/posts\/24431","targetHints":{"allow":["GET"]}}],"collection":[{"href":"https:\/\/laserenaradio.cl\/web\/wp-json\/wp\/v2\/posts"}],"about":[{"href":"https:\/\/laserenaradio.cl\/web\/wp-json\/wp\/v2\/types\/post"}],"author":[{"embeddable":true,"href":"https:\/\/laserenaradio.cl\/web\/wp-json\/wp\/v2\/users\/2"}],"replies":[{"embeddable":true,"href":"https:\/\/laserenaradio.cl\/web\/wp-json\/wp\/v2\/comments?post=24431"}],"version-history":[{"count":1,"href":"https:\/\/laserenaradio.cl\/web\/wp-json\/wp\/v2\/posts\/24431\/revisions"}],"predecessor-version":[{"id":24432,"href":"https:\/\/laserenaradio.cl\/web\/wp-json\/wp\/v2\/posts\/24431\/revisions\/24432"}],"wp:featuredmedia":[{"embeddable":true,"href":"https:\/\/laserenaradio.cl\/web\/wp-json\/wp\/v2\/media\/9076"}],"wp:attachment":[{"href":"https:\/\/laserenaradio.cl\/web\/wp-json\/wp\/v2\/media?parent=24431"}],"wp:term":[{"taxonomy":"category","embeddable":true,"href":"https:\/\/laserenaradio.cl\/web\/wp-json\/wp\/v2\/categories?post=24431"},{"taxonomy":"post_tag","embeddable":true,"href":"https:\/\/laserenaradio.cl\/web\/wp-json\/wp\/v2\/tags?post=24431"}],"curies":[{"name":"wp","href":"https:\/\/api.w.org\/{rel}","templated":true}]}}