{"id":24420,"date":"2026-03-04T22:36:02","date_gmt":"2026-03-05T01:36:02","guid":{"rendered":"https:\/\/laserenaradio.cl\/web\/?p=24420"},"modified":"2026-03-04T22:36:02","modified_gmt":"2026-03-05T01:36:02","slug":"confirmado-h5n1-en-aves-de-valparaiso","status":"publish","type":"post","link":"https:\/\/laserenaradio.cl\/web\/2026\/03\/04\/confirmado-h5n1-en-aves-de-valparaiso\/","title":{"rendered":"Confirmado H5N1 en aves de Valpara\u00edso"},"content":{"rendered":"<p>El Servicio Agr\u00edcola y Ganadero (SAG) confirm\u00f3 la presencia de influenza aviar de alta patogenicidad (H5N1) en aves silvestres en Valpara\u00edso. Espec\u00edficamente, el caso fue detectado en el Humedal El Yali, tras recibir una denuncia por mortandad de cisnes coscoroba en ese sector. Seg\u00fan un comunicado oficial, funcionarios del<a href=\"http:\/\/www.sag.gob.cl\/\"> SAG <\/a>recolectaron muestras que fueron analizadas en el laboratorio central del organismo, resultando positivas al virus.<\/p>\n<p>Este caso se registra despu\u00e9s de meses de implementaci\u00f3n de un plan de vigilancia intensiva por influenza aviar, motivada por la circulaci\u00f3n del virus en el hemisferio norte y la temporada de migraci\u00f3n de aves. Adem\u00e1s, este diagn\u00f3stico surge tras una alerta sanitaria emitida la semana anterior, debido a la confirmaci\u00f3n de la enfermedad en planteles productivos en Argentina, y en fauna silvestre en Uruguay y Brasil.<\/p>\n<p><small><i><strong>Aviso de transparencia:<\/strong> Este art\u00edculo ha sido elaborado con la asistencia de Inteligencia Artificial para optimizar el procesamiento de informaci\u00f3n. Sin embargo, todo el contenido ha sido revisado, editado y validado por el equipo period\u00edstico de <strong><a href=\"https:\/\/laserenaradio.cl\/web\/\">LaSerenaRadio.cl<\/a><\/strong>, garantizando nuestra l\u00ednea editorial y veracidad informativa.<\/i><\/small><\/p>\n","protected":false},"excerpt":{"rendered":"<p>El Servicio Agr\u00edcola y Ganadero (SAG) confirm\u00f3 la presencia de influenza aviar de alta patogenicidad (H5N1) en aves silvestres en Valpara\u00edso. Espec\u00edficamente, el caso fue detectado en el Humedal El Yali, tras recibir una denuncia por mortandad de cisnes coscoroba en ese sector. Seg\u00fan un comunicado oficial, funcionarios del SAG recolectaron muestras que fueron analizadas [&hellip;]<\/p>\n","protected":false},"author":2,"featured_media":24419,"comment_status":"closed","ping_status":"open","sticky":false,"template":"","format":"standard","meta":{"_jetpack_memberships_contains_paid_content":false,"jnews-multi-image_gallery":[],"jnews_single_post":[],"jnews_primary_category":[],"jnews_social_meta":[],"jnews_paywall_metabox":[],"jnews_review":[],"enable_review":"","type":"","name":"","summary":"","brand":"","sku":"","good":[],"bad":[],"score_override":"","override_value":"","rating":[],"price":[],"jnews_override_counter":[],"jnews_post_split":[],"footnotes":""},"categories":[21],"tags":[],"class_list":["post-24420","post","type-post","status-publish","format-standard","has-post-thumbnail","hentry","category-nacional"],"jetpack_featured_media_url":"https:\/\/laserenaradio.cl\/web\/wp-content\/uploads\/2026\/03\/mediapiaiextstaticimg_webpavesinfluenzaaviarcaso_0.webp","jetpack_sharing_enabled":true,"_links":{"self":[{"href":"https:\/\/laserenaradio.cl\/web\/wp-json\/wp\/v2\/posts\/24420","targetHints":{"allow":["GET"]}}],"collection":[{"href":"https:\/\/laserenaradio.cl\/web\/wp-json\/wp\/v2\/posts"}],"about":[{"href":"https:\/\/laserenaradio.cl\/web\/wp-json\/wp\/v2\/types\/post"}],"author":[{"embeddable":true,"href":"https:\/\/laserenaradio.cl\/web\/wp-json\/wp\/v2\/users\/2"}],"replies":[{"embeddable":true,"href":"https:\/\/laserenaradio.cl\/web\/wp-json\/wp\/v2\/comments?post=24420"}],"version-history":[{"count":1,"href":"https:\/\/laserenaradio.cl\/web\/wp-json\/wp\/v2\/posts\/24420\/revisions"}],"predecessor-version":[{"id":24421,"href":"https:\/\/laserenaradio.cl\/web\/wp-json\/wp\/v2\/posts\/24420\/revisions\/24421"}],"wp:featuredmedia":[{"embeddable":true,"href":"https:\/\/laserenaradio.cl\/web\/wp-json\/wp\/v2\/media\/24419"}],"wp:attachment":[{"href":"https:\/\/laserenaradio.cl\/web\/wp-json\/wp\/v2\/media?parent=24420"}],"wp:term":[{"taxonomy":"category","embeddable":true,"href":"https:\/\/laserenaradio.cl\/web\/wp-json\/wp\/v2\/categories?post=24420"},{"taxonomy":"post_tag","embeddable":true,"href":"https:\/\/laserenaradio.cl\/web\/wp-json\/wp\/v2\/tags?post=24420"}],"curies":[{"name":"wp","href":"https:\/\/api.w.org\/{rel}","templated":true}]}}