{"id":24417,"date":"2026-03-04T22:16:35","date_gmt":"2026-03-05T01:16:35","guid":{"rendered":"https:\/\/laserenaradio.cl\/web\/?p=24417"},"modified":"2026-03-04T22:16:35","modified_gmt":"2026-03-05T01:16:35","slug":"se-declara-alerta-temprana-preventiva-para-la-region-de-ohiggins-por-amenaza-de-incendios-forestales","status":"publish","type":"post","link":"https:\/\/laserenaradio.cl\/web\/2026\/03\/04\/se-declara-alerta-temprana-preventiva-para-la-region-de-ohiggins-por-amenaza-de-incendios-forestales\/","title":{"rendered":"Se declara Alerta Temprana Preventiva para la Regi\u00f3n de O\u00b4Higgins por amenaza de incendios forestales"},"content":{"rendered":"<p>De acuerdo con la informaci\u00f3n proporcionada por organismo t\u00e9cnico dado el resultado del an\u00e1lisis t\u00e9cnico efectuado por CONAF, determine zonas con alta probabilidad de generaci\u00f3n y propagaci\u00f3n de incendios forestales y debido al aumento de las condiciones de riesgo de incendios forestales, con variables como:<\/p>\n<p>-Aumento de superficie bajo condici\u00f3n de bot\u00f3n rojo.<br \/>\n&#8211; Probabilidad de ignici\u00f3n en rangos de 71 a 80% en valle central.<br \/>\n&#8211; Humedad del combustible fino muerto en valores de 2 a 6% en gran parte de la regi\u00f3n.<\/p>\n<p>En consideraci\u00f3n a estos antecedentes y en base a la informaci\u00f3n t\u00e9cnica proporcionada por CONAF, en coordinaci\u00f3n con la Direcci\u00f3n Regional de SENAPRED declara Alerta Temprana Preventiva Regional por amenaza de incendios forestales, vigente a contar de hoy y hasta que las condiciones as\u00ed lo ameriten.<\/p>\n<p>La declaraci\u00f3n de dicha alerta se constituye como un estado de reforzamiento de la vigilancia, mediante el monitoreo preciso y riguroso de las condiciones de riesgo y las respectivas vulnerabilidades asociadas a la\u00a0amenaza, coordinando y activando al Sistema Nacional de Prevenci\u00f3n y Respuesta ante Desastres con el fin de actuar oportunamente frente a eventuales situaciones de emergencia.<\/p>\n","protected":false},"excerpt":{"rendered":"<p>De acuerdo con la informaci\u00f3n proporcionada por organismo t\u00e9cnico dado el resultado del an\u00e1lisis t\u00e9cnico efectuado por CONAF, determine zonas con alta probabilidad de generaci\u00f3n y propagaci\u00f3n de incendios forestales y debido al aumento de las condiciones de riesgo de incendios forestales, con variables como: -Aumento de superficie bajo condici\u00f3n de bot\u00f3n rojo. &#8211; Probabilidad [&hellip;]<\/p>\n","protected":false},"author":2,"featured_media":24416,"comment_status":"closed","ping_status":"open","sticky":false,"template":"","format":"standard","meta":{"_jetpack_memberships_contains_paid_content":false,"jnews-multi-image_gallery":[],"jnews_single_post":[],"jnews_primary_category":[],"jnews_social_meta":[],"jnews_paywall_metabox":[],"jnews_review":[],"enable_review":"","type":"","name":"","summary":"","brand":"","sku":"","good":[],"bad":[],"score_override":"","override_value":"","rating":[],"price":[],"jnews_override_counter":[],"jnews_post_split":[],"footnotes":""},"categories":[21],"tags":[],"class_list":["post-24417","post","type-post","status-publish","format-standard","has-post-thumbnail","hentry","category-nacional"],"jetpack_featured_media_url":"https:\/\/laserenaradio.cl\/web\/wp-content\/uploads\/2026\/03\/mediapiaiextstaticimg_webpincendiosforestalescondicionesamenaza_1.webp","jetpack_sharing_enabled":true,"_links":{"self":[{"href":"https:\/\/laserenaradio.cl\/web\/wp-json\/wp\/v2\/posts\/24417","targetHints":{"allow":["GET"]}}],"collection":[{"href":"https:\/\/laserenaradio.cl\/web\/wp-json\/wp\/v2\/posts"}],"about":[{"href":"https:\/\/laserenaradio.cl\/web\/wp-json\/wp\/v2\/types\/post"}],"author":[{"embeddable":true,"href":"https:\/\/laserenaradio.cl\/web\/wp-json\/wp\/v2\/users\/2"}],"replies":[{"embeddable":true,"href":"https:\/\/laserenaradio.cl\/web\/wp-json\/wp\/v2\/comments?post=24417"}],"version-history":[{"count":1,"href":"https:\/\/laserenaradio.cl\/web\/wp-json\/wp\/v2\/posts\/24417\/revisions"}],"predecessor-version":[{"id":24418,"href":"https:\/\/laserenaradio.cl\/web\/wp-json\/wp\/v2\/posts\/24417\/revisions\/24418"}],"wp:featuredmedia":[{"embeddable":true,"href":"https:\/\/laserenaradio.cl\/web\/wp-json\/wp\/v2\/media\/24416"}],"wp:attachment":[{"href":"https:\/\/laserenaradio.cl\/web\/wp-json\/wp\/v2\/media?parent=24417"}],"wp:term":[{"taxonomy":"category","embeddable":true,"href":"https:\/\/laserenaradio.cl\/web\/wp-json\/wp\/v2\/categories?post=24417"},{"taxonomy":"post_tag","embeddable":true,"href":"https:\/\/laserenaradio.cl\/web\/wp-json\/wp\/v2\/tags?post=24417"}],"curies":[{"name":"wp","href":"https:\/\/api.w.org\/{rel}","templated":true}]}}