{"id":24408,"date":"2026-03-04T20:33:35","date_gmt":"2026-03-04T23:33:35","guid":{"rendered":"https:\/\/laserenaradio.cl\/web\/?p=24408"},"modified":"2026-03-04T20:33:35","modified_gmt":"2026-03-04T23:33:35","slug":"antofagasta-inauguran-mejoramiento-de-la-cancha-de-la-poblacion-matta-tras-largos-anos-de-espera","status":"publish","type":"post","link":"https:\/\/laserenaradio.cl\/web\/2026\/03\/04\/antofagasta-inauguran-mejoramiento-de-la-cancha-de-la-poblacion-matta-tras-largos-anos-de-espera\/","title":{"rendered":"Antofagasta: Inauguran mejoramiento de la cancha de la poblaci\u00f3n Matta tras largos a\u00f1os de espera"},"content":{"rendered":"<p>Municipio inaugur\u00f3 el mejoramiento de la cancha de la Poblaci\u00f3n Matta, retomando y finalizando con recursos propios un proyecto que estuvo abandonado por m\u00e1s de seis a\u00f1os.<\/p>\n<p>Con la participaci\u00f3n de vecinos y autoridades, la municipalidad a trav\u00e9s de la Direcci\u00f3n de Desarrollo Comunitario, inaugur\u00f3 el mejoramiento de la cancha de la Poblaci\u00f3n Matta, proyecto que permaneci\u00f3 inconcluso por m\u00e1s de seis a\u00f1os debido a procesos fallidos y la quiebra de la empresa constructora que dej\u00f3 abandonadas las obras.<\/p>\n<p>Muy hermoso, porque los ni\u00f1os lo necesitan para jugar. Tambi\u00e9n hemos realizado actividades del centro de madres, donde mostramos nuestras manualidades<\/p>\n<p>El alcalde Sacha Razmilic, destac\u00f3 que la actual administraci\u00f3n decidi\u00f3 retomar y finalizar los trabajos con recursos y personal municipal, evitando as\u00ed una nueva licitaci\u00f3n y acelerando su entrega a la comunidad.<\/p>\n<p>\u201cLa verdad, estoy muy contento de poder haber terminado este proyecto de mejoramiento. Cuando asumimos la administraci\u00f3n este era un proyecto que estaba abandonado por una constructora que quebr\u00f3 y que dej\u00f3 tiradas las obras. Finalmente, lo que se hizo fue con recursos municipales y personal municipal. As\u00ed, con gente de la casa hicimos la terminaci\u00f3n de las obras y estamos muy contentos del resultado\u201d, se\u00f1al\u00f3.<\/p>\n<p>El jefe comunal subray\u00f3 adem\u00e1s la relevancia de los espacios p\u00fablicos en la ciudad. \u201cEn Antofagasta, en general las casas tienen poco o nada de patio. Por lo tanto, las plazas son finalmente el patio com\u00fan de todas las casas. Este es un lugar de encuentro no solo para el deporte, sino tambi\u00e9n para actividades culturales y comunitarias. Estamos totalmente comprometidos con recuperar los espacios, la infraestructura y la seguridad del entorno para tener vecinos m\u00e1s felices\u201d, afirm\u00f3.<\/p>\n<p>Por su parte, la directora de Dideco, Yantiel Calder\u00f3n, explic\u00f3 que la recuperaci\u00f3n de la cancha respondi\u00f3 a una sentida demanda vecinal, \u201cEsta era una cancha que llevaba m\u00e1s de seis a\u00f1os detenida. Hicimos un trabajo coordinado desde la Direcci\u00f3n de Operaciones para concretar su mejoramiento y estamos muy contentos porque es la primera cancha que inauguramos dentro de la administraci\u00f3n\u201d, indic\u00f3.<\/p>\n<p>Desde la comunidad, la presidenta de la junta de Vecinos, Karla Gim, expres\u00f3 su satisfacci\u00f3n por la concreci\u00f3n del proyecto. \u201cEstamos muy alegres porque se inaugura el mejoramiento de nuestra poblaci\u00f3n. Las canchas son p\u00edldoras para sacar a los ni\u00f1os de las drogas y del vicio y estamos m\u00e1s contentos de tener nuevamente una buena cancha\u201d, sostuvo<\/p>\n<p>En tanto, Manuela Aracena, representante del Centro de Madres de la poblaci\u00f3n, valor\u00f3 el impacto del espacio en la vida comunitaria. \u201cMuy hermoso, porque los ni\u00f1os lo necesitan para jugar. Tambi\u00e9n hemos realizado actividades del centro de madres, donde mostramos nuestras manualidades&#8221;, coment\u00f3.<\/p>\n","protected":false},"excerpt":{"rendered":"<p>Municipio inaugur\u00f3 el mejoramiento de la cancha de la Poblaci\u00f3n Matta, retomando y finalizando con recursos propios un proyecto que estuvo abandonado por m\u00e1s de seis a\u00f1os. Con la participaci\u00f3n de vecinos y autoridades, la municipalidad a trav\u00e9s de la Direcci\u00f3n de Desarrollo Comunitario, inaugur\u00f3 el mejoramiento de la cancha de la Poblaci\u00f3n Matta, proyecto [&hellip;]<\/p>\n","protected":false},"author":2,"featured_media":24407,"comment_status":"closed","ping_status":"open","sticky":false,"template":"","format":"standard","meta":{"_jetpack_memberships_contains_paid_content":false,"jnews-multi-image_gallery":[],"jnews_single_post":[],"jnews_primary_category":[],"jnews_social_meta":[],"jnews_paywall_metabox":[],"jnews_review":[],"enable_review":"","type":"","name":"","summary":"","brand":"","sku":"","good":[],"bad":[],"score_override":"","override_value":"","rating":[],"price":[],"jnews_override_counter":[],"jnews_post_split":[],"footnotes":""},"categories":[21],"tags":[],"class_list":["post-24408","post","type-post","status-publish","format-standard","has-post-thumbnail","hentry","category-nacional"],"jetpack_featured_media_url":"https:\/\/laserenaradio.cl\/web\/wp-content\/uploads\/2026\/03\/mediapiaiextstaticimg_webpMunicipiocanchamejoramientoproyectoat_source.webp","jetpack_sharing_enabled":true,"_links":{"self":[{"href":"https:\/\/laserenaradio.cl\/web\/wp-json\/wp\/v2\/posts\/24408","targetHints":{"allow":["GET"]}}],"collection":[{"href":"https:\/\/laserenaradio.cl\/web\/wp-json\/wp\/v2\/posts"}],"about":[{"href":"https:\/\/laserenaradio.cl\/web\/wp-json\/wp\/v2\/types\/post"}],"author":[{"embeddable":true,"href":"https:\/\/laserenaradio.cl\/web\/wp-json\/wp\/v2\/users\/2"}],"replies":[{"embeddable":true,"href":"https:\/\/laserenaradio.cl\/web\/wp-json\/wp\/v2\/comments?post=24408"}],"version-history":[{"count":1,"href":"https:\/\/laserenaradio.cl\/web\/wp-json\/wp\/v2\/posts\/24408\/revisions"}],"predecessor-version":[{"id":24409,"href":"https:\/\/laserenaradio.cl\/web\/wp-json\/wp\/v2\/posts\/24408\/revisions\/24409"}],"wp:featuredmedia":[{"embeddable":true,"href":"https:\/\/laserenaradio.cl\/web\/wp-json\/wp\/v2\/media\/24407"}],"wp:attachment":[{"href":"https:\/\/laserenaradio.cl\/web\/wp-json\/wp\/v2\/media?parent=24408"}],"wp:term":[{"taxonomy":"category","embeddable":true,"href":"https:\/\/laserenaradio.cl\/web\/wp-json\/wp\/v2\/categories?post=24408"},{"taxonomy":"post_tag","embeddable":true,"href":"https:\/\/laserenaradio.cl\/web\/wp-json\/wp\/v2\/tags?post=24408"}],"curies":[{"name":"wp","href":"https:\/\/api.w.org\/{rel}","templated":true}]}}