{"id":24405,"date":"2026-03-04T20:21:45","date_gmt":"2026-03-04T23:21:45","guid":{"rendered":"https:\/\/laserenaradio.cl\/web\/?p=24405"},"modified":"2026-03-04T20:21:45","modified_gmt":"2026-03-04T23:21:45","slug":"alerta-amarilla-en-parral-por-incendio-forestal","status":"publish","type":"post","link":"https:\/\/laserenaradio.cl\/web\/2026\/03\/04\/alerta-amarilla-en-parral-por-incendio-forestal\/","title":{"rendered":"Alerta Amarilla en Parral por incendio forestal."},"content":{"rendered":"<p>De acuerdo con la informaci\u00f3n t\u00e9cnica proporcionada por Conaf respecto al incendio forestal en la comuna de Parral, se informa el siguiente detalle:<\/p>\n<p>Nombre del incendio: El Bosque<br \/>\nEstado: En combate<br \/>\nSuperficie afectada: 3.821 hect\u00e1reas (ha)<br \/>\nRecursos asignados: 4 brigadas y 5 t\u00e9cnicos de Conaf; 3 aeronaves, 1 puesto de comando de CONAF y 1 ambulancia ACHS.<\/p>\n<p>En consideraci\u00f3n a estos antecedentes y en base a la informaci\u00f3n t\u00e9cnica proporcionada por CONAF, en coordinaci\u00f3n con la Delegaci\u00f3n Presidencial Regional de Maule, la Direcci\u00f3n Regional de <a href=\"http:\/\/www.senapred.cl\/\">SENAPRED<\/a> mantiene la Alerta Amarilla para la comuna de Parral, por incendio forestal, que se encuentra vigente desde el 24 de febrero de 2026.<\/p>\n","protected":false},"excerpt":{"rendered":"<p>De acuerdo con la informaci\u00f3n t\u00e9cnica proporcionada por Conaf respecto al incendio forestal en la comuna de Parral, se informa el siguiente detalle: Nombre del incendio: El Bosque Estado: En combate Superficie afectada: 3.821 hect\u00e1reas (ha) Recursos asignados: 4 brigadas y 5 t\u00e9cnicos de Conaf; 3 aeronaves, 1 puesto de comando de CONAF y 1 [&hellip;]<\/p>\n","protected":false},"author":2,"featured_media":24404,"comment_status":"closed","ping_status":"open","sticky":false,"template":"","format":"standard","meta":{"_jetpack_memberships_contains_paid_content":false,"jnews-multi-image_gallery":[],"jnews_single_post":[],"jnews_primary_category":[],"jnews_social_meta":[],"jnews_paywall_metabox":[],"jnews_review":[],"enable_review":"","type":"","name":"","summary":"","brand":"","sku":"","good":[],"bad":[],"score_override":"","override_value":"","rating":[],"price":[],"jnews_override_counter":[],"jnews_post_split":[],"footnotes":""},"categories":[21],"tags":[],"class_list":["post-24405","post","type-post","status-publish","format-standard","has-post-thumbnail","hentry","category-nacional"],"jetpack_featured_media_url":"https:\/\/laserenaradio.cl\/web\/wp-content\/uploads\/2026\/03\/mediapiaiextstaticimg_webpincendioforestalParralproporcionada_0.webp","jetpack_sharing_enabled":true,"_links":{"self":[{"href":"https:\/\/laserenaradio.cl\/web\/wp-json\/wp\/v2\/posts\/24405","targetHints":{"allow":["GET"]}}],"collection":[{"href":"https:\/\/laserenaradio.cl\/web\/wp-json\/wp\/v2\/posts"}],"about":[{"href":"https:\/\/laserenaradio.cl\/web\/wp-json\/wp\/v2\/types\/post"}],"author":[{"embeddable":true,"href":"https:\/\/laserenaradio.cl\/web\/wp-json\/wp\/v2\/users\/2"}],"replies":[{"embeddable":true,"href":"https:\/\/laserenaradio.cl\/web\/wp-json\/wp\/v2\/comments?post=24405"}],"version-history":[{"count":1,"href":"https:\/\/laserenaradio.cl\/web\/wp-json\/wp\/v2\/posts\/24405\/revisions"}],"predecessor-version":[{"id":24406,"href":"https:\/\/laserenaradio.cl\/web\/wp-json\/wp\/v2\/posts\/24405\/revisions\/24406"}],"wp:featuredmedia":[{"embeddable":true,"href":"https:\/\/laserenaradio.cl\/web\/wp-json\/wp\/v2\/media\/24404"}],"wp:attachment":[{"href":"https:\/\/laserenaradio.cl\/web\/wp-json\/wp\/v2\/media?parent=24405"}],"wp:term":[{"taxonomy":"category","embeddable":true,"href":"https:\/\/laserenaradio.cl\/web\/wp-json\/wp\/v2\/categories?post=24405"},{"taxonomy":"post_tag","embeddable":true,"href":"https:\/\/laserenaradio.cl\/web\/wp-json\/wp\/v2\/tags?post=24405"}],"curies":[{"name":"wp","href":"https:\/\/api.w.org\/{rel}","templated":true}]}}