{"id":24390,"date":"2026-03-04T11:40:53","date_gmt":"2026-03-04T14:40:53","guid":{"rendered":"https:\/\/laserenaradio.cl\/web\/?p=24390"},"modified":"2026-03-04T11:40:53","modified_gmt":"2026-03-04T14:40:53","slug":"detienen-al-presunto-asesino-de-ciudadana-peruana-en-lo-espejo","status":"publish","type":"post","link":"https:\/\/laserenaradio.cl\/web\/2026\/03\/04\/detienen-al-presunto-asesino-de-ciudadana-peruana-en-lo-espejo\/","title":{"rendered":"Detienen al presunto asesino de ciudadana peruana en Lo Espejo"},"content":{"rendered":"<p>La <a href=\"https:\/\/www.pdichile.cl\/\">PDI<\/a> detuvo al presunto responsable por el asesinato de una ciudadana peruana en Lo Espejo. Seg\u00fan la investigaci\u00f3n, un chileno de 33 a\u00f1os fue identificado como el presunto autor del crimen.<\/p>\n<p>El hecho ocurri\u00f3 el pasado 8 de febrero cuando la v\u00edctima, una mujer peruana de 50 a\u00f1os, se desplazaba en un veh\u00edculo de una aplicaci\u00f3n m\u00f3vil desde Providencia hacia El Bosque. La agresi\u00f3n tuvo lugar en la intersecci\u00f3n de Jos\u00e9 Joaqu\u00edn Prieto y Lo Espejo.<\/p>\n<p>La discusi\u00f3n entre el conductor del autom\u00f3vil y el chofer que transportaba a la v\u00edctima habr\u00eda desembocado en un enfrentamiento, con el primer individuo sacando una pistola y disparando al veh\u00edculo. La mujer result\u00f3 herida de gravedad y falleci\u00f3 en el Hospital El Pino.<\/p>\n<p>Las autoridades informaron que el sospechoso fue localizado y detenido en su domicilio en La Granja. Durante la b\u00fasqueda se hallaron dos armas de fuego, m\u00e1s de 600 cartuchos de calibre 9 mm y .380.<\/p>\n<p>El subcomisario Juan Palavecino confirm\u00f3 que el presunto asesino ser\u00e1 formalizado ante el Juzgado de Garant\u00eda.<\/p>\n<p><small><i><strong>Aviso de transparencia:<\/strong> Este art\u00edculo ha sido elaborado con la asistencia de Inteligencia Artificial para optimizar el procesamiento de informaci\u00f3n. Sin embargo, todo el contenido ha sido revisado, editado y validado por el equipo period\u00edstico de <strong><a href=\"https:\/\/laserenaradio.cl\/web\/\">LaSerenaRadio.cl<\/a><\/strong>, garantizando nuestra l\u00ednea editorial y veracidad informativa.<\/i><\/small><\/p>\n","protected":false},"excerpt":{"rendered":"<p>La PDI detuvo al presunto responsable por el asesinato de una ciudadana peruana en Lo Espejo. Seg\u00fan la investigaci\u00f3n, un chileno de 33 a\u00f1os fue identificado como el presunto autor del crimen. El hecho ocurri\u00f3 el pasado 8 de febrero cuando la v\u00edctima, una mujer peruana de 50 a\u00f1os, se desplazaba en un veh\u00edculo de [&hellip;]<\/p>\n","protected":false},"author":2,"featured_media":24389,"comment_status":"closed","ping_status":"open","sticky":false,"template":"","format":"standard","meta":{"_jetpack_memberships_contains_paid_content":false,"jnews-multi-image_gallery":[],"jnews_single_post":[],"jnews_primary_category":[],"jnews_social_meta":[],"jnews_paywall_metabox":[],"jnews_review":[],"enable_review":"","type":"","name":"","summary":"","brand":"","sku":"","good":[],"bad":[],"score_override":"","override_value":"","rating":[],"price":[],"jnews_override_counter":[],"jnews_post_split":[],"footnotes":""},"categories":[21],"tags":[],"class_list":["post-24390","post","type-post","status-publish","format-standard","has-post-thumbnail","hentry","category-nacional"],"jetpack_featured_media_url":"https:\/\/laserenaradio.cl\/web\/wp-content\/uploads\/2026\/03\/mediapiaiextstaticimg_webpDetienenEspejo_0.webp","jetpack_sharing_enabled":true,"_links":{"self":[{"href":"https:\/\/laserenaradio.cl\/web\/wp-json\/wp\/v2\/posts\/24390","targetHints":{"allow":["GET"]}}],"collection":[{"href":"https:\/\/laserenaradio.cl\/web\/wp-json\/wp\/v2\/posts"}],"about":[{"href":"https:\/\/laserenaradio.cl\/web\/wp-json\/wp\/v2\/types\/post"}],"author":[{"embeddable":true,"href":"https:\/\/laserenaradio.cl\/web\/wp-json\/wp\/v2\/users\/2"}],"replies":[{"embeddable":true,"href":"https:\/\/laserenaradio.cl\/web\/wp-json\/wp\/v2\/comments?post=24390"}],"version-history":[{"count":1,"href":"https:\/\/laserenaradio.cl\/web\/wp-json\/wp\/v2\/posts\/24390\/revisions"}],"predecessor-version":[{"id":24391,"href":"https:\/\/laserenaradio.cl\/web\/wp-json\/wp\/v2\/posts\/24390\/revisions\/24391"}],"wp:featuredmedia":[{"embeddable":true,"href":"https:\/\/laserenaradio.cl\/web\/wp-json\/wp\/v2\/media\/24389"}],"wp:attachment":[{"href":"https:\/\/laserenaradio.cl\/web\/wp-json\/wp\/v2\/media?parent=24390"}],"wp:term":[{"taxonomy":"category","embeddable":true,"href":"https:\/\/laserenaradio.cl\/web\/wp-json\/wp\/v2\/categories?post=24390"},{"taxonomy":"post_tag","embeddable":true,"href":"https:\/\/laserenaradio.cl\/web\/wp-json\/wp\/v2\/tags?post=24390"}],"curies":[{"name":"wp","href":"https:\/\/api.w.org\/{rel}","templated":true}]}}