{"id":24366,"date":"2026-03-03T20:31:53","date_gmt":"2026-03-03T23:31:53","guid":{"rendered":"https:\/\/laserenaradio.cl\/web\/?p=24366"},"modified":"2026-03-03T20:31:53","modified_gmt":"2026-03-03T23:31:53","slug":"brote-de-dengue-en-isla-de-pascua","status":"publish","type":"post","link":"https:\/\/laserenaradio.cl\/web\/2026\/03\/03\/brote-de-dengue-en-isla-de-pascua\/","title":{"rendered":"Brote de dengue en Isla de Pascua"},"content":{"rendered":"<p>El <a href=\"http:\/\/www.minsal.cl\/\">Ministerio de Salud<\/a> confirm\u00f3 un brote de dengue en Rapa Nui. Un residente del lugar arroj\u00f3 positivo a una prueba PCR tras presentar s\u00edntomas compatibles con la enfermedad, siendo atendido en el Hospital de Hanga Roa.<\/p>\n<p>Posteriormente, a eso del mediod\u00eda de este martes, el seremi de Salud de Valpara\u00edso confirm\u00f3 un segundo caso de dengue. En una rueda de prensa, Carlos Zamora, seremi subrogante, inform\u00f3 que ambas personas se encuentran en buen estado de salud en reposo domiciliario y bajo aislamiento vectorial.<\/p>\n<p>Hasta la fecha, no se han registrado nuevos casos. La autoridad sanitaria activ\u00f3 vigilancia epidemiol\u00f3gica y control vectorial en el sector.<\/p>\n<p>Tras la confirmaci\u00f3n de estos dos primeros casos, se sumaron otros dos durante la jornada del martes. Tres afectados no registraron viajes nacionales ni internacionales en los \u00faltimos dos meses; sin embargo, un cuarto caso fue importado. En total, hay cuatro casos positivos de dengue en Isla de Pascua.<\/p>\n<p>Las personas afectadas se encuentran en reposo en su domicilio particular, bajo malla mosquitera y con seguimiento cl\u00ednico por parte de los equipos m\u00e9dicos.<\/p>\n<p><small><i><strong>Aviso de transparencia:<\/strong> Este art\u00edculo ha sido elaborado con la asistencia de Inteligencia Artificial para optimizar el procesamiento de informaci\u00f3n. Sin embargo, todo el contenido ha sido revisado, editado y validado por el equipo period\u00edstico de <strong><a href=\"https:\/\/laserenaradio.cl\/web\/\">LaSerenaRadio.cl<\/a><\/strong>, garantizando nuestra l\u00ednea editorial y veracidad informativa.<\/i><\/small><\/p>\n","protected":false},"excerpt":{"rendered":"<p>El Ministerio de Salud confirm\u00f3 un brote de dengue en Rapa Nui. Un residente del lugar arroj\u00f3 positivo a una prueba PCR tras presentar s\u00edntomas compatibles con la enfermedad, siendo atendido en el Hospital de Hanga Roa. Posteriormente, a eso del mediod\u00eda de este martes, el seremi de Salud de Valpara\u00edso confirm\u00f3 un segundo caso [&hellip;]<\/p>\n","protected":false},"author":2,"featured_media":24365,"comment_status":"closed","ping_status":"open","sticky":false,"template":"","format":"standard","meta":{"_jetpack_memberships_contains_paid_content":false,"jnews-multi-image_gallery":[],"jnews_single_post":[],"jnews_primary_category":[],"jnews_social_meta":[],"jnews_paywall_metabox":[],"jnews_review":[],"enable_review":"","type":"","name":"","summary":"","brand":"","sku":"","good":[],"bad":[],"score_override":"","override_value":"","rating":[],"price":[],"jnews_override_counter":[],"jnews_post_split":[],"footnotes":""},"categories":[21],"tags":[],"class_list":["post-24366","post","type-post","status-publish","format-standard","has-post-thumbnail","hentry","category-nacional"],"jetpack_featured_media_url":"https:\/\/laserenaradio.cl\/web\/wp-content\/uploads\/2026\/03\/mediapiaiextstaticimg_webpislaEjecutivoRapaNuirapanui_1-scaled.webp","jetpack_sharing_enabled":true,"_links":{"self":[{"href":"https:\/\/laserenaradio.cl\/web\/wp-json\/wp\/v2\/posts\/24366","targetHints":{"allow":["GET"]}}],"collection":[{"href":"https:\/\/laserenaradio.cl\/web\/wp-json\/wp\/v2\/posts"}],"about":[{"href":"https:\/\/laserenaradio.cl\/web\/wp-json\/wp\/v2\/types\/post"}],"author":[{"embeddable":true,"href":"https:\/\/laserenaradio.cl\/web\/wp-json\/wp\/v2\/users\/2"}],"replies":[{"embeddable":true,"href":"https:\/\/laserenaradio.cl\/web\/wp-json\/wp\/v2\/comments?post=24366"}],"version-history":[{"count":1,"href":"https:\/\/laserenaradio.cl\/web\/wp-json\/wp\/v2\/posts\/24366\/revisions"}],"predecessor-version":[{"id":24367,"href":"https:\/\/laserenaradio.cl\/web\/wp-json\/wp\/v2\/posts\/24366\/revisions\/24367"}],"wp:featuredmedia":[{"embeddable":true,"href":"https:\/\/laserenaradio.cl\/web\/wp-json\/wp\/v2\/media\/24365"}],"wp:attachment":[{"href":"https:\/\/laserenaradio.cl\/web\/wp-json\/wp\/v2\/media?parent=24366"}],"wp:term":[{"taxonomy":"category","embeddable":true,"href":"https:\/\/laserenaradio.cl\/web\/wp-json\/wp\/v2\/categories?post=24366"},{"taxonomy":"post_tag","embeddable":true,"href":"https:\/\/laserenaradio.cl\/web\/wp-json\/wp\/v2\/tags?post=24366"}],"curies":[{"name":"wp","href":"https:\/\/api.w.org\/{rel}","templated":true}]}}