{"id":24316,"date":"2026-03-02T17:27:46","date_gmt":"2026-03-02T20:27:46","guid":{"rendered":"https:\/\/laserenaradio.cl\/web\/?p=24316"},"modified":"2026-03-02T17:27:46","modified_gmt":"2026-03-02T20:27:46","slug":"en-cerrillos-de-tamaya-ovalle-da-el-vamos-a-la-campana-de-vacunacion-2026","status":"publish","type":"post","link":"https:\/\/laserenaradio.cl\/web\/2026\/03\/02\/en-cerrillos-de-tamaya-ovalle-da-el-vamos-a-la-campana-de-vacunacion-2026\/","title":{"rendered":"En Cerrillos de Tamaya: Ovalle da el vamos a la Campa\u00f1a de Vacunaci\u00f3n 2026"},"content":{"rendered":"<p>Con un fuerte llamado a la prevenci\u00f3n anticipada y el foco puesto en los sectores rurales, se dio inicio al proceso de inmunizaci\u00f3n que busca proteger a m\u00e1s de 60 mil ovallinos antes de la llegada del invierno.<\/p>\n<p>En un esfuerzo por acercar la salud a los territorios y fomentar la protecci\u00f3n de los grupos de riesgo, el Departamento de Salud Municipal\u00a0 de Ovalle realiz\u00f3 el lanzamiento oficial de su Campa\u00f1a de Vacunaci\u00f3n 2026. A diferencia de a\u00f1os anteriores, el hito se traslad\u00f3 al sector rural, espec\u00edficamente al\u00a0CESFAM de Cerrillos de Tamaya, marcando un precedente en la descentralizaci\u00f3n de las pol\u00edticas sanitarias locales.<\/p>\n<p>La estrategia busca revertir la baja en las coberturas registradas en los \u00faltimos periodos, enfoc\u00e1ndose en los grupos prioritarios: personas mayores, ni\u00f1os menores de 5 a\u00f1os, embarazadas y enfermos cr\u00f3nicos. La meta institucional es alcanzar a cerca de\u00a060 mil habitantes\u00a0en toda la comuna.<\/p>\n<p>Beatriz Z\u00fa\u00f1iga, asesora t\u00e9cnica del Programa Nacional de Inmunizaciones del Servicio de Salud Coquimbo, destac\u00f3 el valor de este despliegue, recalcando que \u201ces sumamente valorable que se haya considerado este CESFAM. Optar por Cerrillos de Tamaya, un sector con alta poblaci\u00f3n de personas mayores, es una oportunidad para que la comunidad sienta que estamos preocupados por su protecci\u00f3n\u201d, se\u00f1al\u00f3.<\/p>\n<p>Z\u00fa\u00f1iga fue enf\u00e1tica en la necesidad de vacunarse con antelaci\u00f3n y subray\u00f3 que \u201cla inmunidad se logra aproximadamente dos semanas despu\u00e9s de la inoculaci\u00f3n. Si lo hacemos pronto, estaremos realmente protegidos antes del inicio del invierno\u201d.<\/p>\n<p>Por su parte,\u00a0Pilar Gomila, referente comunal de salud, reforz\u00f3 la idea de la descentralizaci\u00f3n. \u201cQuisimos realizar el hito en el sector rural para dar un \u00e9nfasis distinto este a\u00f1o. Es fundamental partir de inmediato porque la vacuna tiene una protecci\u00f3n de seis meses; as\u00ed evitaremos la mortalidad y complicaciones por enfermedades respiratorias, como la influenza y el virus respiratorio sincicial\u201d, explic\u00f3.<\/p>\n<p>Desde el Departamento de Salud Municipal de Ovalle reconocen que existe un fen\u00f3meno de \u00abfatiga de vacunas\u00bb tras la crisis sanitaria del COVID-19.\u00a0Enrique Morales, jefe (s) de la repartici\u00f3n, analiz\u00f3 este escenario. \u201cHa habido una baja en las coberturas producto de un desgaste emocional de la gente despu\u00e9s de la pandemia. Sin embargo, volvemos a recalcar la importancia de la prevenci\u00f3n anticipada, sobre todo ahora que las bajas temperaturas y los virus estacionales aparecen mucho antes\u201d.<\/p>\n<p>Morales hizo un llamado a la comunidad a utilizar la amplia red de salud de la comuna e invit\u00f3 \u201ca los vecinos a que se acerquen a sus centros de salud, tanto urbanos como rurales, CESFAM o CECOSF, y se vacunen, ya que prevenir es tarea de todos\u201d.<\/p>\n<p>Las autoridades recordaron que la vacunaci\u00f3n es\u00a0completamente gratuita\u00a0para los grupos objetivos, independiente de su previsi\u00f3n (Fonasa o Isapre). Los interesados solo deben presentarse con su\u00a0c\u00e9dula de identidad\u00a0en cualquier vacunatorio de la red primaria de Ovalle.<\/p>\n","protected":false},"excerpt":{"rendered":"<p>Con un fuerte llamado a la prevenci\u00f3n anticipada y el foco puesto en los sectores rurales, se dio inicio al proceso de inmunizaci\u00f3n que busca proteger a m\u00e1s de 60 mil ovallinos antes de la llegada del invierno. En un esfuerzo por acercar la salud a los territorios y fomentar la protecci\u00f3n de los grupos [&hellip;]<\/p>\n","protected":false},"author":2,"featured_media":24315,"comment_status":"closed","ping_status":"open","sticky":false,"template":"","format":"standard","meta":{"_jetpack_memberships_contains_paid_content":false,"jnews-multi-image_gallery":[],"jnews_single_post":[],"jnews_primary_category":[],"jnews_social_meta":[],"jnews_paywall_metabox":[],"jnews_review":[],"enable_review":"","type":"","name":"","summary":"","brand":"","sku":"","good":[],"bad":[],"score_override":"","override_value":"","rating":[],"price":[],"jnews_override_counter":[],"jnews_post_split":[],"footnotes":""},"categories":[21],"tags":[],"class_list":["post-24316","post","type-post","status-publish","format-standard","has-post-thumbnail","hentry","category-nacional"],"jetpack_featured_media_url":"https:\/\/laserenaradio.cl\/web\/wp-content\/uploads\/2026\/03\/mediapiaiextstaticimg_webpCerrillosTamayasaludOvalleantesgrupos_source.webp","jetpack_sharing_enabled":true,"_links":{"self":[{"href":"https:\/\/laserenaradio.cl\/web\/wp-json\/wp\/v2\/posts\/24316","targetHints":{"allow":["GET"]}}],"collection":[{"href":"https:\/\/laserenaradio.cl\/web\/wp-json\/wp\/v2\/posts"}],"about":[{"href":"https:\/\/laserenaradio.cl\/web\/wp-json\/wp\/v2\/types\/post"}],"author":[{"embeddable":true,"href":"https:\/\/laserenaradio.cl\/web\/wp-json\/wp\/v2\/users\/2"}],"replies":[{"embeddable":true,"href":"https:\/\/laserenaradio.cl\/web\/wp-json\/wp\/v2\/comments?post=24316"}],"version-history":[{"count":1,"href":"https:\/\/laserenaradio.cl\/web\/wp-json\/wp\/v2\/posts\/24316\/revisions"}],"predecessor-version":[{"id":24317,"href":"https:\/\/laserenaradio.cl\/web\/wp-json\/wp\/v2\/posts\/24316\/revisions\/24317"}],"wp:featuredmedia":[{"embeddable":true,"href":"https:\/\/laserenaradio.cl\/web\/wp-json\/wp\/v2\/media\/24315"}],"wp:attachment":[{"href":"https:\/\/laserenaradio.cl\/web\/wp-json\/wp\/v2\/media?parent=24316"}],"wp:term":[{"taxonomy":"category","embeddable":true,"href":"https:\/\/laserenaradio.cl\/web\/wp-json\/wp\/v2\/categories?post=24316"},{"taxonomy":"post_tag","embeddable":true,"href":"https:\/\/laserenaradio.cl\/web\/wp-json\/wp\/v2\/tags?post=24316"}],"curies":[{"name":"wp","href":"https:\/\/api.w.org\/{rel}","templated":true}]}}