{"id":24295,"date":"2026-03-02T09:35:32","date_gmt":"2026-03-02T12:35:32","guid":{"rendered":"https:\/\/laserenaradio.cl\/web\/?p=24295"},"modified":"2026-03-02T09:35:32","modified_gmt":"2026-03-02T12:35:32","slug":"antofagasta-verano-todo-el-ano-fue-una-verdadera-fiesta-nocturna-en-el-balneario-municipal","status":"publish","type":"post","link":"https:\/\/laserenaradio.cl\/web\/2026\/03\/02\/antofagasta-verano-todo-el-ano-fue-una-verdadera-fiesta-nocturna-en-el-balneario-municipal\/","title":{"rendered":"\u201cAntofagasta, verano todo el a\u00f1o\u201d, fue una verdadera fiesta nocturna en el balneario municipal"},"content":{"rendered":"<p>Cientos de personas disfrutaron en el Balneario Municipal de \u201cAntofagasta, Verano Todo el A\u00f1o\u201d, una fiesta nocturna marcada por la bailat\u00f3n familiar y el regreso de la emblem\u00e1tica balsa iluminada.<\/p>\n<p>Con la balsa iluminada de noche como testigo se desarroll\u00f3 \u201cAntofagasta, Verano Todo el A\u00f1o\u201d, evento organizado por Dideco de la Municipalidad de Antofagasta, que consider\u00f3 una gran bailat\u00f3n que cont\u00f3 con la participaci\u00f3n de la bailarina brasile\u00f1a Viv\u00ed Rodrigues, junto a Sebastian Nu\u00f1ez y Jaime D\u00edaz.<\/p>\n<p>Antofagasta es verano todo el a\u00f1o, por lo que seguiremos teniendo fiesta y entretenci\u00f3n en esta ciudad maravillosa, con vecinos maravillosos y un clima incre\u00edble<\/p>\n<p>De hecho, una de las asistentes aplaudi\u00f3 la actividad, dado que permite acercar a las familias de la ciudad personajes de la televisi\u00f3n y \u201cuno tiene la oportunidad de verla en vivo, muy bonito todo\u201d.<\/p>\n<p>Mientras que otro asistente, Carlos, destac\u00f3 el regreso de la balsa, recordando que \u201cm\u00e1s de 40 a\u00f1os la balsa, \u00edcono para los ba\u00f1istas\u2026 faltaba eso para los turistas y todos los que ya la est\u00e1n disfrutando\u201d.<\/p>\n<p>Mientras que Mariana dijo que la estaba pasando \u201cs\u00faper bien, muy entretenido\u201d, junto con sorprenderse con la balsa, dado que para ella era desconocida su existencia.<\/p>\n<p>El alcalde de Antofagasta, Sacha Razmilic, destac\u00f3 que \u201cAntofagasta es verano todo el a\u00f1o, por lo que seguiremos teniendo fiesta y entretenci\u00f3n en esta ciudad maravillosa, con vecinos maravillosos y un clima incre\u00edble\u201d.<\/p>\n<p>La directora de Dideco, Yantiel Calder\u00f3n, hizo una positiva evaluaci\u00f3n de \u201cpoder tener actividades para toda la familia. Ya disfrutamos del cine familiar, hemos disfrutado del karaoke y ahora tenemos esta bailat\u00f3n. Sin duda, lo que est\u00e1 coronando febrero es la llegada de la balsa y seguiremos disfrutando porque en Antofagasta es verano todo el a\u00f1o\u201d.<\/p>\n<p>Cientos de personas disfrutaron de la actividad nocturna para despedir febrero, en una playa colmada de personas que se entreten\u00edan con la bailat\u00f3n o nadando hasta la balsa que estaba iluminada.<\/p>\n","protected":false},"excerpt":{"rendered":"<p>Cientos de personas disfrutaron en el Balneario Municipal de \u201cAntofagasta, Verano Todo el A\u00f1o\u201d, una fiesta nocturna marcada por la bailat\u00f3n familiar y el regreso de la emblem\u00e1tica balsa iluminada. Con la balsa iluminada de noche como testigo se desarroll\u00f3 \u201cAntofagasta, Verano Todo el A\u00f1o\u201d, evento organizado por Dideco de la Municipalidad de Antofagasta, que [&hellip;]<\/p>\n","protected":false},"author":2,"featured_media":24294,"comment_status":"closed","ping_status":"open","sticky":false,"template":"","format":"standard","meta":{"_jetpack_memberships_contains_paid_content":false,"jnews-multi-image_gallery":[],"jnews_single_post":[],"jnews_primary_category":[],"jnews_social_meta":[],"jnews_paywall_metabox":[],"jnews_review":[],"enable_review":"","type":"","name":"","summary":"","brand":"","sku":"","good":[],"bad":[],"score_override":"","override_value":"","rating":[],"price":[],"jnews_override_counter":[],"jnews_post_split":[],"footnotes":""},"categories":[21],"tags":[],"class_list":["post-24295","post","type-post","status-publish","format-standard","has-post-thumbnail","hentry","category-nacional"],"jetpack_featured_media_url":"https:\/\/laserenaradio.cl\/web\/wp-content\/uploads\/2026\/03\/mediapiaiextstaticimg_webpAntofagastabalsaatjpeg_source.webp","jetpack_sharing_enabled":true,"_links":{"self":[{"href":"https:\/\/laserenaradio.cl\/web\/wp-json\/wp\/v2\/posts\/24295","targetHints":{"allow":["GET"]}}],"collection":[{"href":"https:\/\/laserenaradio.cl\/web\/wp-json\/wp\/v2\/posts"}],"about":[{"href":"https:\/\/laserenaradio.cl\/web\/wp-json\/wp\/v2\/types\/post"}],"author":[{"embeddable":true,"href":"https:\/\/laserenaradio.cl\/web\/wp-json\/wp\/v2\/users\/2"}],"replies":[{"embeddable":true,"href":"https:\/\/laserenaradio.cl\/web\/wp-json\/wp\/v2\/comments?post=24295"}],"version-history":[{"count":1,"href":"https:\/\/laserenaradio.cl\/web\/wp-json\/wp\/v2\/posts\/24295\/revisions"}],"predecessor-version":[{"id":24296,"href":"https:\/\/laserenaradio.cl\/web\/wp-json\/wp\/v2\/posts\/24295\/revisions\/24296"}],"wp:featuredmedia":[{"embeddable":true,"href":"https:\/\/laserenaradio.cl\/web\/wp-json\/wp\/v2\/media\/24294"}],"wp:attachment":[{"href":"https:\/\/laserenaradio.cl\/web\/wp-json\/wp\/v2\/media?parent=24295"}],"wp:term":[{"taxonomy":"category","embeddable":true,"href":"https:\/\/laserenaradio.cl\/web\/wp-json\/wp\/v2\/categories?post=24295"},{"taxonomy":"post_tag","embeddable":true,"href":"https:\/\/laserenaradio.cl\/web\/wp-json\/wp\/v2\/tags?post=24295"}],"curies":[{"name":"wp","href":"https:\/\/api.w.org\/{rel}","templated":true}]}}