{"id":24248,"date":"2026-02-28T22:21:42","date_gmt":"2026-03-01T01:21:42","guid":{"rendered":"https:\/\/laserenaradio.cl\/web\/?p=24248"},"modified":"2026-02-28T22:21:42","modified_gmt":"2026-03-01T01:21:42","slug":"fiesta-de-la-vendimia-ovalle-2026-se-realizara-por-primera-vez-en-la-cooperativa-control-pisquero","status":"publish","type":"post","link":"https:\/\/laserenaradio.cl\/web\/2026\/02\/28\/fiesta-de-la-vendimia-ovalle-2026-se-realizara-por-primera-vez-en-la-cooperativa-control-pisquero\/","title":{"rendered":"Fiesta de la Vendimia Ovalle 2026 se realizar\u00e1 por primera vez en la Cooperativa Control Pisquero"},"content":{"rendered":"<p>Esta apuesta del municipio de Ovalle apunta a relacionar este lugar hist\u00f3rico con la festividad tradicional, que se realizar\u00e1 los d\u00edas s\u00e1bado 28 de febrero y domingo 1 de marzo, adem\u00e1s de cuidar el estado de la Plaza de Armas.<\/p>\n<p>La Fiesta de la Vendimia Ovalle 2026 marcar\u00e1 un hito hist\u00f3rico, puesto que, por primera vez, la tradicional celebraci\u00f3n se desarrollar\u00e1 en las dependencias de la Cooperativa Agr\u00edcola Control Pisquero y en Avenida La Chimba, consolidando una alianza estrat\u00e9gica con el municipio de Ovalle que pone en valor la identidad vitivin\u00edcola y pisquera de la comuna.<\/p>\n<p>Esta decisi\u00f3n refuerza el sentido patrimonial del evento, considerando que la Cooperativa fue fundada en 1931 y es la m\u00e1s antigua del mundo en su rubro y este a\u00f1o conmemora su 95\u00b0aniversario. Actualmente, cuenta con m\u00e1s de 400 cooperados activos en los valles de Huasco, Elqui, Limar\u00ed y Choapa y representa un pilar fundamental en la defensa de la Denominaci\u00f3n de Origen Pisco y en el desarrollo econ\u00f3mico regional.<\/p>\n<p>El alcalde de Ovalle, H\u00e9ctor Vega Campusano, destac\u00f3 la relevancia de esta alianza p\u00fablico-privada e indic\u00f3 que \u201crealizar la Fiesta de la Vendimia en la Cooperativa Control Pisquero es un reconocimiento a nuestra historia productiva y a quienes han construido, con esfuerzo, el prestigio vitivin\u00edcola del Limar\u00ed. Esta uni\u00f3n nos permite proyectar una celebraci\u00f3n con mayor identidad, tradici\u00f3n y sentido de pertenencia\u201d.<\/p>\n<p>En este sentido, el presidente de la Cooperativa Control Pisquero de Ovalle, Mauricio Stay indic\u00f3 que \u201ccomo la cooperativa pisquera m\u00e1s antigua de Chile y el mundo, para nosotros es un orgullo abrir las puertas de nuestra casa para recibir, por primera vez, a la Fiesta de la Vendimia de Ovalle. Agradecemos al alcalde de Ovalle por generar esta alianza estrat\u00e9gica junto a nosotros, la cual viene a ratificar que el pisco es el coraz\u00f3n de nuestra identidad\u201d. Stay agreg\u00f3 que este recinto \u201cno es solo oficinas, es patrimonio, historia y cultura viva de nuestra comuna y regi\u00f3n. Recibir a 50 mil personas es un desaf\u00edo que asumimos con la convicci\u00f3n de que el pisco es el coraz\u00f3n de nuestra identidad, y qu\u00e9 mejor lugar para celebrarlo que en el lugar donde nace la tradici\u00f3n y la historia pisquera\u201d.<\/p>\n<p>La versi\u00f3n 2026 contar\u00e1 adem\u00e1s con la elecci\u00f3n de la Reina de la Vendimia, donde competir\u00e1n Victoria Romero, Joseffa Toro, B\u00e1rbara Milla, Ana\u00eds Vel\u00e1squez y Ana\u00eds Cortez, quienes buscar\u00e1n transformarse en embajadoras del patrimonio cultural y tur\u00edstico de la provincia.<\/p>\n<p>En el plano art\u00edstico, el escenario principal reunir\u00e1 a destacados exponentes nacionales y talento local, entre ellos Noche de Brujas, que se presentar\u00e1 el s\u00e1bado 28 de febrero a las 22.30 horas. Y el domingo 1 de marzo, a las 21.00 horas ser\u00e1 el turno de la Sonora Bar\u00f3n y posteriormente llegar\u00e1 Martinwhite, con su guaracha urbana, prometiendo dos jornadas de m\u00fasica y celebraci\u00f3n.<\/p>\n<p>Con esta in\u00e9dita locaci\u00f3n y una s\u00f3lida alianza institucional, la Fiesta de la Vendimia Ovalle 2026 se proyecta como una edici\u00f3n hist\u00f3rica, que une tradici\u00f3n, desarrollo productivo y cultura en un mismo espacio patrimonial.<\/p>\n","protected":false},"excerpt":{"rendered":"<p>Esta apuesta del municipio de Ovalle apunta a relacionar este lugar hist\u00f3rico con la festividad tradicional, que se realizar\u00e1 los d\u00edas s\u00e1bado 28 de febrero y domingo 1 de marzo, adem\u00e1s de cuidar el estado de la Plaza de Armas. La Fiesta de la Vendimia Ovalle 2026 marcar\u00e1 un hito hist\u00f3rico, puesto que, por primera [&hellip;]<\/p>\n","protected":false},"author":2,"featured_media":24247,"comment_status":"closed","ping_status":"open","sticky":false,"template":"","format":"standard","meta":{"_jetpack_memberships_contains_paid_content":false,"jnews-multi-image_gallery":[],"jnews_single_post":[],"jnews_primary_category":[],"jnews_social_meta":[],"jnews_paywall_metabox":[],"jnews_review":[],"enable_review":"","type":"","name":"","summary":"","brand":"","sku":"","good":[],"bad":[],"score_override":"","override_value":"","rating":[],"price":[],"jnews_override_counter":[],"jnews_post_split":[],"footnotes":""},"categories":[21],"tags":[],"class_list":["post-24248","post","type-post","status-publish","format-standard","has-post-thumbnail","hentry","category-nacional"],"jetpack_featured_media_url":"https:\/\/laserenaradio.cl\/web\/wp-content\/uploads\/2026\/02\/mediapiaiextstaticimg_webpFiestaVendimiaOvallenuestraalianzaidentidad_source.webp","jetpack_sharing_enabled":true,"_links":{"self":[{"href":"https:\/\/laserenaradio.cl\/web\/wp-json\/wp\/v2\/posts\/24248","targetHints":{"allow":["GET"]}}],"collection":[{"href":"https:\/\/laserenaradio.cl\/web\/wp-json\/wp\/v2\/posts"}],"about":[{"href":"https:\/\/laserenaradio.cl\/web\/wp-json\/wp\/v2\/types\/post"}],"author":[{"embeddable":true,"href":"https:\/\/laserenaradio.cl\/web\/wp-json\/wp\/v2\/users\/2"}],"replies":[{"embeddable":true,"href":"https:\/\/laserenaradio.cl\/web\/wp-json\/wp\/v2\/comments?post=24248"}],"version-history":[{"count":1,"href":"https:\/\/laserenaradio.cl\/web\/wp-json\/wp\/v2\/posts\/24248\/revisions"}],"predecessor-version":[{"id":24249,"href":"https:\/\/laserenaradio.cl\/web\/wp-json\/wp\/v2\/posts\/24248\/revisions\/24249"}],"wp:featuredmedia":[{"embeddable":true,"href":"https:\/\/laserenaradio.cl\/web\/wp-json\/wp\/v2\/media\/24247"}],"wp:attachment":[{"href":"https:\/\/laserenaradio.cl\/web\/wp-json\/wp\/v2\/media?parent=24248"}],"wp:term":[{"taxonomy":"category","embeddable":true,"href":"https:\/\/laserenaradio.cl\/web\/wp-json\/wp\/v2\/categories?post=24248"},{"taxonomy":"post_tag","embeddable":true,"href":"https:\/\/laserenaradio.cl\/web\/wp-json\/wp\/v2\/tags?post=24248"}],"curies":[{"name":"wp","href":"https:\/\/api.w.org\/{rel}","templated":true}]}}