{"id":24240,"date":"2026-02-28T13:13:16","date_gmt":"2026-02-28T16:13:16","guid":{"rendered":"https:\/\/laserenaradio.cl\/web\/?p=24240"},"modified":"2026-02-28T13:13:16","modified_gmt":"2026-02-28T16:13:16","slug":"joven-de-22-anos-es-asesinada-en-quilicura","status":"publish","type":"post","link":"https:\/\/laserenaradio.cl\/web\/2026\/02\/28\/joven-de-22-anos-es-asesinada-en-quilicura\/","title":{"rendered":"Joven de 22 a\u00f1os es asesinada en Quilicura"},"content":{"rendered":"<p>La Polic\u00eda de Investigaciones, a trav\u00e9s de su secci\u00f3n especializada de la Brigada de Homicidios Centro Norte, investiga un homicidio ocurrido en la v\u00eda p\u00fablica en Quilicura, regi\u00f3n Metropolitana.<\/p>\n<p>El hecho tuvo lugar durante la madrugada del s\u00e1bado y la <a href=\"https:\/\/www.pdichile.cl\/\">PDI<\/a> acudi\u00f3 al SAPU Rodrigo Rojas de Negri, donde se constat\u00f3 el fallecimiento de una joven v\u00edctima chilena de 22 a\u00f1os.<\/p>\n<p>El Subcomisario Mat\u00edas Maul\u00e9n, de la Brigada Homicidio Centro Norte, proporcion\u00f3 m\u00e1s detalles sobre las indagaciones en curso. &#8220;El d\u00eda de hoy, en horas de la madrugada, por parte del Ministerio P\u00fablico se solicit\u00f3 la concurrencia de la Brigada Homicidio Centro Norte, en primera instancia, al SAPU Rodrigo Rojas de Negri, en la Comuna de Quilicura, por cuanto en dicho lugar se encontraba una persona fallecida por impactos bal\u00edsticos&#8221;, cont\u00f3.<\/p>\n<p>Adem\u00e1s, agreg\u00f3 que &#8220;se logr\u00f3 establecer donde este hecho tuvo su principio de ejecuci\u00f3n espec\u00edficamente en Avenida Manuel Antonio Matta, lugar donde al momento se est\u00e1n realizando las pericias de rigor, evidenci\u00e1ndose a simple vista m\u00faltiples evidencias bal\u00edsticas y hematol\u00f3gicas. Se est\u00e1 haciendo un rastreo a toda la zona, no tanto en el lugar solamente&#8221;.<\/p>\n<p>Ya se han logrado recabar declaraciones de testigos presenciales que dan cuenta de la din\u00e1mica de los hechos y otras que se est\u00e1n ejecutando en este momento. Preliminarmente se puede decir que se conoc\u00eda v\u00edctima e imputado, toda vez que hay una situaci\u00f3n previa que narra una discusi\u00f3n entre ambos por alg\u00fan tipo de rencilla anterior.<\/p>\n<p><small><i><strong>Aviso de transparencia:<\/strong> Este art\u00edculo ha sido elaborado con la asistencia de Inteligencia Artificial para optimizar el procesamiento de informaci\u00f3n. Sin embargo, todo el contenido ha sido revisado, editado y validado por el equipo period\u00edstico de <strong><a href=\"https:\/\/laserenaradio.cl\/web\/\">LaSerenaRadio.cl<\/a><\/strong>, garantizando nuestra l\u00ednea editorial y veracidad informativa.<\/i><\/small><\/p>\n","protected":false},"excerpt":{"rendered":"<p>La Polic\u00eda de Investigaciones, a trav\u00e9s de su secci\u00f3n especializada de la Brigada de Homicidios Centro Norte, investiga un homicidio ocurrido en la v\u00eda p\u00fablica en Quilicura, regi\u00f3n Metropolitana. El hecho tuvo lugar durante la madrugada del s\u00e1bado y la PDI acudi\u00f3 al SAPU Rodrigo Rojas de Negri, donde se constat\u00f3 el fallecimiento de una [&hellip;]<\/p>\n","protected":false},"author":2,"featured_media":24239,"comment_status":"closed","ping_status":"open","sticky":false,"template":"","format":"standard","meta":{"_jetpack_memberships_contains_paid_content":false,"jnews-multi-image_gallery":[],"jnews_single_post":[],"jnews_primary_category":[],"jnews_social_meta":[],"jnews_paywall_metabox":[],"jnews_review":[],"enable_review":"","type":"","name":"","summary":"","brand":"","sku":"","good":[],"bad":[],"score_override":"","override_value":"","rating":[],"price":[],"jnews_override_counter":[],"jnews_post_split":[],"footnotes":""},"categories":[21],"tags":[],"class_list":["post-24240","post","type-post","status-publish","format-standard","has-post-thumbnail","hentry","category-nacional"],"jetpack_featured_media_url":"https:\/\/laserenaradio.cl\/web\/wp-content\/uploads\/2026\/02\/mediapiaiextstaticimg_webpJovenQuilicura_1.webp","jetpack_sharing_enabled":true,"_links":{"self":[{"href":"https:\/\/laserenaradio.cl\/web\/wp-json\/wp\/v2\/posts\/24240","targetHints":{"allow":["GET"]}}],"collection":[{"href":"https:\/\/laserenaradio.cl\/web\/wp-json\/wp\/v2\/posts"}],"about":[{"href":"https:\/\/laserenaradio.cl\/web\/wp-json\/wp\/v2\/types\/post"}],"author":[{"embeddable":true,"href":"https:\/\/laserenaradio.cl\/web\/wp-json\/wp\/v2\/users\/2"}],"replies":[{"embeddable":true,"href":"https:\/\/laserenaradio.cl\/web\/wp-json\/wp\/v2\/comments?post=24240"}],"version-history":[{"count":1,"href":"https:\/\/laserenaradio.cl\/web\/wp-json\/wp\/v2\/posts\/24240\/revisions"}],"predecessor-version":[{"id":24241,"href":"https:\/\/laserenaradio.cl\/web\/wp-json\/wp\/v2\/posts\/24240\/revisions\/24241"}],"wp:featuredmedia":[{"embeddable":true,"href":"https:\/\/laserenaradio.cl\/web\/wp-json\/wp\/v2\/media\/24239"}],"wp:attachment":[{"href":"https:\/\/laserenaradio.cl\/web\/wp-json\/wp\/v2\/media?parent=24240"}],"wp:term":[{"taxonomy":"category","embeddable":true,"href":"https:\/\/laserenaradio.cl\/web\/wp-json\/wp\/v2\/categories?post=24240"},{"taxonomy":"post_tag","embeddable":true,"href":"https:\/\/laserenaradio.cl\/web\/wp-json\/wp\/v2\/tags?post=24240"}],"curies":[{"name":"wp","href":"https:\/\/api.w.org\/{rel}","templated":true}]}}