{"id":24228,"date":"2026-02-28T09:17:05","date_gmt":"2026-02-28T12:17:05","guid":{"rendered":"https:\/\/laserenaradio.cl\/web\/?p=24228"},"modified":"2026-02-28T09:17:05","modified_gmt":"2026-02-28T12:17:05","slug":"trabajadora-resulta-herida-en-agresion-en-residencia-de-menores-en-quillota","status":"publish","type":"post","link":"https:\/\/laserenaradio.cl\/web\/2026\/02\/28\/trabajadora-resulta-herida-en-agresion-en-residencia-de-menores-en-quillota\/","title":{"rendered":"Trabajadora resulta herida en agresi\u00f3n en residencia de menores en Quillota."},"content":{"rendered":"<p>Una trabajadora result\u00f3 con una fractura nasal y lesiones graves tras sufrir una agresi\u00f3n en una residencia de menores en Quillota, Valpara\u00edso. La Asociaci\u00f3n Nacional de Funcionarios y Funcionarias del Servicio Nacional de Protecci\u00f3n Especializada a la Ni\u00f1ez y Adolescencia (ANTRAP) expres\u00f3 su indignaci\u00f3n por el incidente. A trav\u00e9s de un comunicado, se\u00f1alaron que este tipo de situaciones ha sido previamente advertido a distintas autoridades, argumentando que forman parte de una problem\u00e1tica estructural en el sistema. La organizaci\u00f3n cuestiona las condiciones laborales de los trabajadores y trabajoras con trato directo, exigiendo medidas para garantizar su integridad f\u00edsica y emocional.<\/p>\n<p>Carole Z\u00fa\u00f1iga, jefa de turno, enumer\u00f3 diversos tipos de agresiones y da\u00f1os que se viven cotidianamente: &#8220;Algunas lesiones incluyen heridas cortopunzantes, contusiones mamarias y de t\u00f3rax, fracturas de costillas, neumot\u00f3rax, fractura nasal, esguince cervical, agresiones f\u00edsicas con fierros, palos, sillas, piedras grandes, vidrio y armas blancas&#8221;, indic\u00f3.<\/p>\n<p>El Servicio Nacional de Protecci\u00f3n Especializada a la Ni\u00f1ez y Adolescencia inform\u00f3 que los hechos surgen de un episodio de desregulaci\u00f3n emocional entre adolescentes en el recinto. Activaron protocolos de seguridad, resguardaron a las dem\u00e1s adolescentes y brindaron apoyo a los funcionarios afectados, realizando intervenciones de contenci\u00f3n.<\/p>\n<p>Aldo Fendez, abogado laboralista, subray\u00f3 que en tales recintos el est\u00e1ndar exigible es mayor debido a la previsibilidad del riesgo. El Servicio inform\u00f3 haber coordinado acciones con <a href=\"https:\/\/www.carabineros.cl\/\">Carabineros<\/a> y el Servicio de Salud Vi\u00f1a del Mar\u2013Quillota, adem\u00e1s de informar al Ministerio P\u00fablico sobre los antecedentes.<\/p>\n<p>Se dispuso el refuerzo inmediato de equipos profesionales en la residencia, la revisi\u00f3n integral de casos involucrados y la gesti\u00f3n de reemplazos para funcionarios con licencia m\u00e9dica. Esto se hizo con el fin de asegurar la continuidad operativa del recinto.<\/p>\n<p><small><i><strong>Aviso de transparencia:<\/strong> Este art\u00edculo ha sido elaborado con la asistencia de Inteligencia Artificial para optimizar el procesamiento de informaci\u00f3n. Sin embargo, todo el contenido ha sido revisado, editado y validado por el equipo period\u00edstico de <strong><a href=\"https:\/\/laserenaradio.cl\/web\/\">LaSerenaRadio.cl<\/a><\/strong>, garantizando nuestra l\u00ednea editorial y veracidad informativa.<\/i><\/small><\/p>\n","protected":false},"excerpt":{"rendered":"<p>Una trabajadora result\u00f3 con una fractura nasal y lesiones graves tras sufrir una agresi\u00f3n en una residencia de menores en Quillota, Valpara\u00edso. La Asociaci\u00f3n Nacional de Funcionarios y Funcionarias del Servicio Nacional de Protecci\u00f3n Especializada a la Ni\u00f1ez y Adolescencia (ANTRAP) expres\u00f3 su indignaci\u00f3n por el incidente. A trav\u00e9s de un comunicado, se\u00f1alaron que este [&hellip;]<\/p>\n","protected":false},"author":2,"featured_media":24227,"comment_status":"closed","ping_status":"open","sticky":false,"template":"","format":"standard","meta":{"_jetpack_memberships_contains_paid_content":false,"jnews-multi-image_gallery":[],"jnews_single_post":[],"jnews_primary_category":[],"jnews_social_meta":[],"jnews_paywall_metabox":[],"jnews_review":[],"enable_review":"","type":"","name":"","summary":"","brand":"","sku":"","good":[],"bad":[],"score_override":"","override_value":"","rating":[],"price":[],"jnews_override_counter":[],"jnews_post_split":[],"footnotes":""},"categories":[21],"tags":[],"class_list":["post-24228","post","type-post","status-publish","format-standard","has-post-thumbnail","hentry","category-nacional"],"jetpack_featured_media_url":"https:\/\/laserenaradio.cl\/web\/wp-content\/uploads\/2026\/02\/mediapiaiextstaticimg_webpotrosreoQuillotaheridas_1.webp","jetpack_sharing_enabled":true,"_links":{"self":[{"href":"https:\/\/laserenaradio.cl\/web\/wp-json\/wp\/v2\/posts\/24228","targetHints":{"allow":["GET"]}}],"collection":[{"href":"https:\/\/laserenaradio.cl\/web\/wp-json\/wp\/v2\/posts"}],"about":[{"href":"https:\/\/laserenaradio.cl\/web\/wp-json\/wp\/v2\/types\/post"}],"author":[{"embeddable":true,"href":"https:\/\/laserenaradio.cl\/web\/wp-json\/wp\/v2\/users\/2"}],"replies":[{"embeddable":true,"href":"https:\/\/laserenaradio.cl\/web\/wp-json\/wp\/v2\/comments?post=24228"}],"version-history":[{"count":1,"href":"https:\/\/laserenaradio.cl\/web\/wp-json\/wp\/v2\/posts\/24228\/revisions"}],"predecessor-version":[{"id":24229,"href":"https:\/\/laserenaradio.cl\/web\/wp-json\/wp\/v2\/posts\/24228\/revisions\/24229"}],"wp:featuredmedia":[{"embeddable":true,"href":"https:\/\/laserenaradio.cl\/web\/wp-json\/wp\/v2\/media\/24227"}],"wp:attachment":[{"href":"https:\/\/laserenaradio.cl\/web\/wp-json\/wp\/v2\/media?parent=24228"}],"wp:term":[{"taxonomy":"category","embeddable":true,"href":"https:\/\/laserenaradio.cl\/web\/wp-json\/wp\/v2\/categories?post=24228"},{"taxonomy":"post_tag","embeddable":true,"href":"https:\/\/laserenaradio.cl\/web\/wp-json\/wp\/v2\/tags?post=24228"}],"curies":[{"name":"wp","href":"https:\/\/api.w.org\/{rel}","templated":true}]}}