{"id":24195,"date":"2026-02-27T09:30:23","date_gmt":"2026-02-27T12:30:23","guid":{"rendered":"https:\/\/laserenaradio.cl\/web\/?p=24195"},"modified":"2026-02-27T09:30:23","modified_gmt":"2026-02-27T12:30:23","slug":"daniel-jadue-se-presenta-a-revision-de-medidas-cautelares","status":"publish","type":"post","link":"https:\/\/laserenaradio.cl\/web\/2026\/02\/27\/daniel-jadue-se-presenta-a-revision-de-medidas-cautelares\/","title":{"rendered":"Daniel Jadue se presenta a revisi\u00f3n de medidas cautelares."},"content":{"rendered":"<p>Daniel Jadue, exalcalde de Recoleta y militante del Partido Comunista (PC), lleg\u00f3 al Centro de Justicia entre los aplausos de sus seguidores. El actual preso por el caso Farmacias Populares cumple un a\u00f1o y medio bajo arresto domiciliario total. Actualmente, Jadue est\u00e1 formalizado por fraude al fisco, cohecho, estafa y negociaci\u00f3n incompatible.<\/p>\n<p>Una peque\u00f1a multitud conformada por simpatizantes portaba banderas del PC y de Palestina, gritando consignas como &#8220;Liberar al alcalde popular&#8221; e &#8220;Jadue es inocente&#8221;. El defensor de Jadue busca que la medida cautelar se ajuste a arresto domiciliario nocturno o incluso arraigo nacional.<\/p>\n<p>Daniel Jadue ingres\u00f3 al Centro de Justicia junto con su pareja, Anjuli Tostes, pero no se pronunci\u00f3 ante los medios durante el ingreso. La causa contra \u00e9l contin\u00faa, y una audiencia crucial est\u00e1 programada para el 9 de junio a las 9:00 horas en el Tercer Juzgado de Garant\u00eda. En ella, Jadue podr\u00eda enfrentar hasta 18 a\u00f1os de prisi\u00f3n.<\/p>\n<p><small><i><strong>Aviso de transparencia:<\/strong> Este art\u00edculo ha sido elaborado con la asistencia de Inteligencia Artificial para optimizar el procesamiento de informaci\u00f3n. Sin embargo, todo el contenido ha sido revisado, editado y validado por el equipo period\u00edstico de <strong><a href=\"https:\/\/laserenaradio.cl\/web\/\">LaSerenaRadio.cl<\/a><\/strong>, garantizando nuestra l\u00ednea editorial y veracidad informativa.<\/i><\/small><\/p>\n","protected":false},"excerpt":{"rendered":"<p>Daniel Jadue, exalcalde de Recoleta y militante del Partido Comunista (PC), lleg\u00f3 al Centro de Justicia entre los aplausos de sus seguidores. El actual preso por el caso Farmacias Populares cumple un a\u00f1o y medio bajo arresto domiciliario total. Actualmente, Jadue est\u00e1 formalizado por fraude al fisco, cohecho, estafa y negociaci\u00f3n incompatible. Una peque\u00f1a multitud [&hellip;]<\/p>\n","protected":false},"author":2,"featured_media":24194,"comment_status":"closed","ping_status":"open","sticky":false,"template":"","format":"standard","meta":{"_jetpack_memberships_contains_paid_content":false,"jnews-multi-image_gallery":[],"jnews_single_post":[],"jnews_primary_category":[],"jnews_social_meta":[],"jnews_paywall_metabox":[],"jnews_review":[],"enable_review":"","type":"","name":"","summary":"","brand":"","sku":"","good":[],"bad":[],"score_override":"","override_value":"","rating":[],"price":[],"jnews_override_counter":[],"jnews_post_split":[],"footnotes":""},"categories":[21],"tags":[],"class_list":["post-24195","post","type-post","status-publish","format-standard","has-post-thumbnail","hentry","category-nacional"],"jetpack_featured_media_url":"https:\/\/laserenaradio.cl\/web\/wp-content\/uploads\/2026\/02\/mediapiaiextstaticimg_webpJadueDanielJadueCentroJusticia_0.webp","jetpack_sharing_enabled":true,"_links":{"self":[{"href":"https:\/\/laserenaradio.cl\/web\/wp-json\/wp\/v2\/posts\/24195","targetHints":{"allow":["GET"]}}],"collection":[{"href":"https:\/\/laserenaradio.cl\/web\/wp-json\/wp\/v2\/posts"}],"about":[{"href":"https:\/\/laserenaradio.cl\/web\/wp-json\/wp\/v2\/types\/post"}],"author":[{"embeddable":true,"href":"https:\/\/laserenaradio.cl\/web\/wp-json\/wp\/v2\/users\/2"}],"replies":[{"embeddable":true,"href":"https:\/\/laserenaradio.cl\/web\/wp-json\/wp\/v2\/comments?post=24195"}],"version-history":[{"count":1,"href":"https:\/\/laserenaradio.cl\/web\/wp-json\/wp\/v2\/posts\/24195\/revisions"}],"predecessor-version":[{"id":24196,"href":"https:\/\/laserenaradio.cl\/web\/wp-json\/wp\/v2\/posts\/24195\/revisions\/24196"}],"wp:featuredmedia":[{"embeddable":true,"href":"https:\/\/laserenaradio.cl\/web\/wp-json\/wp\/v2\/media\/24194"}],"wp:attachment":[{"href":"https:\/\/laserenaradio.cl\/web\/wp-json\/wp\/v2\/media?parent=24195"}],"wp:term":[{"taxonomy":"category","embeddable":true,"href":"https:\/\/laserenaradio.cl\/web\/wp-json\/wp\/v2\/categories?post=24195"},{"taxonomy":"post_tag","embeddable":true,"href":"https:\/\/laserenaradio.cl\/web\/wp-json\/wp\/v2\/tags?post=24195"}],"curies":[{"name":"wp","href":"https:\/\/api.w.org\/{rel}","templated":true}]}}