{"id":24189,"date":"2026-02-26T15:56:36","date_gmt":"2026-02-26T18:56:36","guid":{"rendered":"https:\/\/laserenaradio.cl\/web\/?p=24189"},"modified":"2026-02-26T15:56:36","modified_gmt":"2026-02-26T18:56:36","slug":"sismo-de-mediana-intensidad-4-3-con-epicentro-a-50-km-al-so-de-mina-collahuasi","status":"publish","type":"post","link":"https:\/\/laserenaradio.cl\/web\/2026\/02\/26\/sismo-de-mediana-intensidad-4-3-con-epicentro-a-50-km-al-so-de-mina-collahuasi\/","title":{"rendered":"Sismo de mediana intensidad 4.3 con epicentro a 50 km al SO de Mina Collahuasi"},"content":{"rendered":"<p>Un movimiento s\u00edsmico ha sido registrado a las 15:45 horas (hora local).<\/p>\n<p>De acuerdo a la informaci\u00f3n oficial proporcionada por el <a href=\"https:\/\/www.sismologia.cl\/\" rel=\"nofollow\" target=\"_blank\">Centro Sismol\u00f3gico Nacional<\/a>, el evento tel\u00farico tuvo una magnitud de 4.3 Ml grados.<\/p>\n<p>El epicentro fue localizado a 50 km al SO de Mina Collahuasi, con una profundidad de 167 km.<\/p>\n<h3>Evaluaci\u00f3n de afectaci\u00f3n<\/h3>\n<p>Los organismos de emergencia del Sistema Nacional de Prevenci\u00f3n y Respuesta ante Desastres (SENAPRED) se encuentran monitoreando la situaci\u00f3n para evaluar eventuales da\u00f1os a personas, alteraci\u00f3n a servicios b\u00e1sicos o infraestructura producto de este sismo.<\/p>\n","protected":false},"excerpt":{"rendered":"<p>Un movimiento s\u00edsmico ha sido registrado a las 15:45 horas (hora local). De acuerdo a la informaci\u00f3n oficial proporcionada por el Centro Sismol\u00f3gico Nacional, el evento tel\u00farico tuvo una magnitud de 4.3 Ml grados. El epicentro fue localizado a 50 km al SO de Mina Collahuasi, con una profundidad de 167 km. Evaluaci\u00f3n de afectaci\u00f3n [&hellip;]<\/p>\n","protected":false},"author":2,"featured_media":24188,"comment_status":"closed","ping_status":"open","sticky":false,"template":"","format":"standard","meta":{"_jetpack_memberships_contains_paid_content":false,"jnews-multi-image_gallery":[],"jnews_single_post":[],"jnews_primary_category":[],"jnews_social_meta":[],"jnews_paywall_metabox":[],"jnews_review":[],"enable_review":"","type":"","name":"","summary":"","brand":"","sku":"","good":[],"bad":[],"score_override":"","override_value":"","rating":[],"price":[],"jnews_override_counter":[],"jnews_post_split":[],"footnotes":""},"categories":[21],"tags":[],"class_list":["post-24189","post","type-post","status-publish","format-standard","has-post-thumbnail","hentry","category-nacional"],"jetpack_featured_media_url":"https:\/\/laserenaradio.cl\/web\/wp-content\/uploads\/2026\/02\/mediapiaiextstaticimg_webpSismomovimiento_0.webp","jetpack_sharing_enabled":true,"_links":{"self":[{"href":"https:\/\/laserenaradio.cl\/web\/wp-json\/wp\/v2\/posts\/24189","targetHints":{"allow":["GET"]}}],"collection":[{"href":"https:\/\/laserenaradio.cl\/web\/wp-json\/wp\/v2\/posts"}],"about":[{"href":"https:\/\/laserenaradio.cl\/web\/wp-json\/wp\/v2\/types\/post"}],"author":[{"embeddable":true,"href":"https:\/\/laserenaradio.cl\/web\/wp-json\/wp\/v2\/users\/2"}],"replies":[{"embeddable":true,"href":"https:\/\/laserenaradio.cl\/web\/wp-json\/wp\/v2\/comments?post=24189"}],"version-history":[{"count":1,"href":"https:\/\/laserenaradio.cl\/web\/wp-json\/wp\/v2\/posts\/24189\/revisions"}],"predecessor-version":[{"id":24190,"href":"https:\/\/laserenaradio.cl\/web\/wp-json\/wp\/v2\/posts\/24189\/revisions\/24190"}],"wp:featuredmedia":[{"embeddable":true,"href":"https:\/\/laserenaradio.cl\/web\/wp-json\/wp\/v2\/media\/24188"}],"wp:attachment":[{"href":"https:\/\/laserenaradio.cl\/web\/wp-json\/wp\/v2\/media?parent=24189"}],"wp:term":[{"taxonomy":"category","embeddable":true,"href":"https:\/\/laserenaradio.cl\/web\/wp-json\/wp\/v2\/categories?post=24189"},{"taxonomy":"post_tag","embeddable":true,"href":"https:\/\/laserenaradio.cl\/web\/wp-json\/wp\/v2\/tags?post=24189"}],"curies":[{"name":"wp","href":"https:\/\/api.w.org\/{rel}","templated":true}]}}