{"id":24183,"date":"2026-02-26T13:09:10","date_gmt":"2026-02-26T16:09:10","guid":{"rendered":"https:\/\/laserenaradio.cl\/web\/?p=24183"},"modified":"2026-02-26T13:09:10","modified_gmt":"2026-02-26T16:09:10","slug":"nueva-reduccion-obligatoria-de-la-jornada-laboral-a-42-horas-a-partir-del-26-de-abril-de-2026","status":"publish","type":"post","link":"https:\/\/laserenaradio.cl\/web\/2026\/02\/26\/nueva-reduccion-obligatoria-de-la-jornada-laboral-a-42-horas-a-partir-del-26-de-abril-de-2026\/","title":{"rendered":"Nueva reducci\u00f3n obligatoria de la jornada laboral a 42 horas a partir del 26 de abril de 2026"},"content":{"rendered":"<p>En exactamente dos meses m\u00e1s, el 26 de abril de 2026, se aplicar\u00e1 por Ley un nuevo ajuste obligatorio de la jornada laboral en el marco de las 40 Horas. Si bien en Chile ya se pueden aplicar las 40 horas, la reducci\u00f3n de la jornada se est\u00e1 implementando gradualmente para que todos los trabajadores lleguen a trabajar a 40 horas de aqu\u00ed a 2028.<\/p>\n<p>Esta reducci\u00f3n horaria ser\u00e1 de la siguiente manera (art\u00edculo Primero Transitorio, Ley 21.561): \u201cDe todas maneras, nada impide que las empresas reduzcan la jornada de trabajo semanal a 40 horas antes de las fechas indicadas en la propia Ley\u201d, remarc\u00f3 el Ministerio del Trabajo.<\/p>\n<p>El 26 de abril de 2024 entr\u00f3 en vigencia la Ley 21.561 (40 horas laborales) que redujo gradualmente la jornada laboral, concret\u00e1ndose la primera etapa de implementaci\u00f3n de la normativa con una reducci\u00f3n obligatoria de la jornada de trabajo de 45 a 44 horas semanales.<\/p>\n<p>La Ley contempl\u00f3 una disminuci\u00f3n gradual de las horas de trabajo, por lo que en abril de 2026 se alcanzar\u00e1n las 42 horas y ya en 2028 la Ley tendr\u00e1 plena vigencia cuando se implementen las 40 horas de trabajo semanales.<\/p>\n<p>Desde el Gobierno han remarcado que, ante los ajustes anteriores, ninguna empresa o empleador puede reducir las remuneraciones, lo cual rige tanto para quienes tienen contratos indefinidos o a plazo fijo; o a honorarios.<\/p>\n<p><small><i><strong>Aviso de transparencia:<\/strong> Este art\u00edculo ha sido elaborado con la asistencia de Inteligencia Artificial para optimizar el procesamiento de informaci\u00f3n. Sin embargo, todo el contenido ha sido revisado, editado y validado por el equipo period\u00edstico de <strong><a href=\"https:\/\/laserenaradio.cl\/web\/\">LaSerenaRadio.cl<\/a><\/strong>, garantizando nuestra l\u00ednea editorial y veracidad informativa.<\/i><\/small><\/p>\n","protected":false},"excerpt":{"rendered":"<p>En exactamente dos meses m\u00e1s, el 26 de abril de 2026, se aplicar\u00e1 por Ley un nuevo ajuste obligatorio de la jornada laboral en el marco de las 40 Horas. Si bien en Chile ya se pueden aplicar las 40 horas, la reducci\u00f3n de la jornada se est\u00e1 implementando gradualmente para que todos los trabajadores [&hellip;]<\/p>\n","protected":false},"author":2,"featured_media":24182,"comment_status":"closed","ping_status":"open","sticky":false,"template":"","format":"standard","meta":{"_jetpack_memberships_contains_paid_content":false,"jnews-multi-image_gallery":[],"jnews_single_post":[],"jnews_primary_category":[],"jnews_social_meta":[],"jnews_paywall_metabox":[],"jnews_review":[],"enable_review":"","type":"","name":"","summary":"","brand":"","sku":"","good":[],"bad":[],"score_override":"","override_value":"","rating":[],"price":[],"jnews_override_counter":[],"jnews_post_split":[],"footnotes":""},"categories":[21],"tags":[],"class_list":["post-24183","post","type-post","status-publish","format-standard","has-post-thumbnail","hentry","category-nacional"],"jetpack_featured_media_url":"https:\/\/laserenaradio.cl\/web\/wp-content\/uploads\/2026\/02\/mediapiaiextstaticimg_webpjornadaLeyabril_0.webp","jetpack_sharing_enabled":true,"_links":{"self":[{"href":"https:\/\/laserenaradio.cl\/web\/wp-json\/wp\/v2\/posts\/24183","targetHints":{"allow":["GET"]}}],"collection":[{"href":"https:\/\/laserenaradio.cl\/web\/wp-json\/wp\/v2\/posts"}],"about":[{"href":"https:\/\/laserenaradio.cl\/web\/wp-json\/wp\/v2\/types\/post"}],"author":[{"embeddable":true,"href":"https:\/\/laserenaradio.cl\/web\/wp-json\/wp\/v2\/users\/2"}],"replies":[{"embeddable":true,"href":"https:\/\/laserenaradio.cl\/web\/wp-json\/wp\/v2\/comments?post=24183"}],"version-history":[{"count":1,"href":"https:\/\/laserenaradio.cl\/web\/wp-json\/wp\/v2\/posts\/24183\/revisions"}],"predecessor-version":[{"id":24184,"href":"https:\/\/laserenaradio.cl\/web\/wp-json\/wp\/v2\/posts\/24183\/revisions\/24184"}],"wp:featuredmedia":[{"embeddable":true,"href":"https:\/\/laserenaradio.cl\/web\/wp-json\/wp\/v2\/media\/24182"}],"wp:attachment":[{"href":"https:\/\/laserenaradio.cl\/web\/wp-json\/wp\/v2\/media?parent=24183"}],"wp:term":[{"taxonomy":"category","embeddable":true,"href":"https:\/\/laserenaradio.cl\/web\/wp-json\/wp\/v2\/categories?post=24183"},{"taxonomy":"post_tag","embeddable":true,"href":"https:\/\/laserenaradio.cl\/web\/wp-json\/wp\/v2\/tags?post=24183"}],"curies":[{"name":"wp","href":"https:\/\/api.w.org\/{rel}","templated":true}]}}