{"id":24180,"date":"2026-02-26T11:09:57","date_gmt":"2026-02-26T14:09:57","guid":{"rendered":"https:\/\/laserenaradio.cl\/web\/?p=24180"},"modified":"2026-02-26T11:09:57","modified_gmt":"2026-02-26T14:09:57","slug":"denuncian-presuntos-amarres-en-la-subsecretaria-de-seguridad-publica","status":"publish","type":"post","link":"https:\/\/laserenaradio.cl\/web\/2026\/02\/26\/denuncian-presuntos-amarres-en-la-subsecretaria-de-seguridad-publica\/","title":{"rendered":"Denuncian presuntos &#8220;amarres&#8221; en la Subsecretar\u00eda de Seguridad P\u00fablica."},"content":{"rendered":"<p>Una nueva pol\u00e9mica sacude a la Subsecretar\u00eda de Seguridad P\u00fablica tras denuncias sobre presuntos \u201camarres\u201d en concursos p\u00fablicos que beneficiaron a exjefes de divisi\u00f3n durante el gobierno del presidente Gabriel Boric.<\/p>\n<p>Seg\u00fan El Mercurio, dos exfuncionarios accedieron a cargos de planta mediante concursos abiertos desde febrero, lo cual encendi\u00f3 alertas en la oposici\u00f3n y reabri\u00f3 el debate sobre eventuales contrataciones de \u00faltima hora en el gobierno actual.<\/p>\n<p>Desde la Subsecretar\u00eda, dirigida por Rafael Collao, aseguraron que las incorporaciones se ajustaron a la normativa vigente. Argumentaron que los procesos fueron concursos p\u00fablicos, dentro del marco del Estatuto Administrativo y reglas de la planta ministerial, descartando irregularidades.<\/p>\n<p>Sin embargo, las cr\u00edticas no se hicieron esperar. El diputado UDI Felipe Donoso sostuvo que el Ejecutivo abandon\u00f3 su discurso contra el \u201cpituto\u201d y asegur\u00f3 que hoy est\u00e1 asegurando puestos para cercanos antes de dejar el poder. Cuestion\u00f3 al Presidente y plante\u00f3 que el Gobierno estar\u00eda usando sus \u00faltimos d\u00edas para favorecer a los propios.<\/p>\n<p>El diputado republicano Agust\u00edn Romero afirm\u00f3 que esto no ser\u00eda un caso aislado, sino una pr\u00e1ctica que se repetir\u00eda en distintas reparticiones. Asegur\u00f3 que la se\u00f1al pol\u00edtica ser\u00eda equivocada si la prioridad fuera seguridad y no asegurar cargos.<\/p>\n<p>Tras estas denuncias, se instal\u00f3 el debate sobre la posibilidad real de revertir estos nombramientos y los m\u00e1rgenes legales para una nueva administraci\u00f3n hacerlo.<\/p>\n<p>El abogado administrativo Gustavo Alarc\u00f3n explic\u00f3 que cualquier gobierno entrante enfrenta l\u00edmites al momento de desvincular funcionarios, especialmente cuando se trata de contratas con a\u00f1os de permanencia. Estos incluso pueden invocar ante tribunales el principio de confianza leg\u00edtima.<\/p>\n<p>M\u00e1s que anular casos puntuales, lo que requiere es una reforma al Estatuto Administrativo que regule claramente estos derechos y evite que la discusi\u00f3n se repita cada cambio de gobierno.<\/p>\n<p><small><i><strong>Aviso de transparencia:<\/strong> Este art\u00edculo ha sido elaborado con la asistencia de Inteligencia Artificial para optimizar el procesamiento de informaci\u00f3n. Sin embargo, todo el contenido ha sido revisado, editado y validado por el equipo period\u00edstico de <strong><a href=\"https:\/\/laserenaradio.cl\/web\/\">LaSerenaRadio.cl<\/a><\/strong>, garantizando nuestra l\u00ednea editorial y veracidad informativa.<\/i><\/small><\/p>\n","protected":false},"excerpt":{"rendered":"<p>Una nueva pol\u00e9mica sacude a la Subsecretar\u00eda de Seguridad P\u00fablica tras denuncias sobre presuntos \u201camarres\u201d en concursos p\u00fablicos que beneficiaron a exjefes de divisi\u00f3n durante el gobierno del presidente Gabriel Boric. Seg\u00fan El Mercurio, dos exfuncionarios accedieron a cargos de planta mediante concursos abiertos desde febrero, lo cual encendi\u00f3 alertas en la oposici\u00f3n y reabri\u00f3 [&hellip;]<\/p>\n","protected":false},"author":2,"featured_media":24179,"comment_status":"closed","ping_status":"open","sticky":false,"template":"","format":"standard","meta":{"_jetpack_memberships_contains_paid_content":false,"jnews-multi-image_gallery":[],"jnews_single_post":[],"jnews_primary_category":[],"jnews_social_meta":[],"jnews_paywall_metabox":[],"jnews_review":[],"enable_review":"","type":"","name":"","summary":"","brand":"","sku":"","good":[],"bad":[],"score_override":"","override_value":"","rating":[],"price":[],"jnews_override_counter":[],"jnews_post_split":[],"footnotes":""},"categories":[21],"tags":[],"class_list":["post-24180","post","type-post","status-publish","format-standard","has-post-thumbnail","hentry","category-nacional"],"jetpack_featured_media_url":"https:\/\/laserenaradio.cl\/web\/wp-content\/uploads\/2026\/02\/mediapiaiextstaticimg_webpDenuncianSubsecretaria_1.webp","jetpack_sharing_enabled":true,"_links":{"self":[{"href":"https:\/\/laserenaradio.cl\/web\/wp-json\/wp\/v2\/posts\/24180","targetHints":{"allow":["GET"]}}],"collection":[{"href":"https:\/\/laserenaradio.cl\/web\/wp-json\/wp\/v2\/posts"}],"about":[{"href":"https:\/\/laserenaradio.cl\/web\/wp-json\/wp\/v2\/types\/post"}],"author":[{"embeddable":true,"href":"https:\/\/laserenaradio.cl\/web\/wp-json\/wp\/v2\/users\/2"}],"replies":[{"embeddable":true,"href":"https:\/\/laserenaradio.cl\/web\/wp-json\/wp\/v2\/comments?post=24180"}],"version-history":[{"count":1,"href":"https:\/\/laserenaradio.cl\/web\/wp-json\/wp\/v2\/posts\/24180\/revisions"}],"predecessor-version":[{"id":24181,"href":"https:\/\/laserenaradio.cl\/web\/wp-json\/wp\/v2\/posts\/24180\/revisions\/24181"}],"wp:featuredmedia":[{"embeddable":true,"href":"https:\/\/laserenaradio.cl\/web\/wp-json\/wp\/v2\/media\/24179"}],"wp:attachment":[{"href":"https:\/\/laserenaradio.cl\/web\/wp-json\/wp\/v2\/media?parent=24180"}],"wp:term":[{"taxonomy":"category","embeddable":true,"href":"https:\/\/laserenaradio.cl\/web\/wp-json\/wp\/v2\/categories?post=24180"},{"taxonomy":"post_tag","embeddable":true,"href":"https:\/\/laserenaradio.cl\/web\/wp-json\/wp\/v2\/tags?post=24180"}],"curies":[{"name":"wp","href":"https:\/\/api.w.org\/{rel}","templated":true}]}}