{"id":24177,"date":"2026-02-26T11:05:57","date_gmt":"2026-02-26T14:05:57","guid":{"rendered":"https:\/\/laserenaradio.cl\/web\/?p=24177"},"modified":"2026-02-26T11:05:57","modified_gmt":"2026-02-26T14:05:57","slug":"universidad-de-chile-considera-despedir-a-francisco-meneghini","status":"publish","type":"post","link":"https:\/\/laserenaradio.cl\/web\/2026\/02\/26\/universidad-de-chile-considera-despedir-a-francisco-meneghini\/","title":{"rendered":"Universidad de Chile considera despedir a Francisco Meneghini"},"content":{"rendered":"<p>El entrenador argentino Francisco Meneghini enfrenta una compleja situaci\u00f3n como director t\u00e9cnico de Universidad de Chile, con apenas dos meses en el cargo. Meneghini vive un momento cr\u00edtico dirigiendo al rom\u00e1ntico viajero, especialmente con partidos cruciales en su agenda. Uno de ellos es el Supercl\u00e1sico 199 ante Colo Colo, seguido por la Copa Sudamericana contra Palestino, donde podr\u00eda decidirse su futuro.<\/p>\n<p>Universidad de Chile ha sumado solo tres puntos de doce posibles en el torneo, sin victorias y con un \u00fanico triunfo. Este bajo rendimiento genera especulaciones sobre una posible salida anticipada del DT, que seg\u00fan fuentes, podr\u00eda beneficiar al equipo para los objetivos de 2026, donde ser campeones es la principal meta.<\/p>\n<p>En caso de decisi\u00f3n favorable por parte de la dirigencia, la cl\u00e1usula permitir\u00eda despedir a Meneghini pagando solo tres meses del sueldo restante. Esta opci\u00f3n est\u00e1 siendo evaluada tanto por el club como por Azul Azul. Para darle m\u00e1s consistencia al equipo, Meneghini necesita un cambio inmediato.<\/p>\n<p>El pr\u00f3ximo partido de Universidad de Chile ser\u00e1 en contra de Colo Colo el 1 de marzo a las 18:00 horas, en el Estadio Monumental. Este duelo est\u00e1 programado para la fecha 5 de la Liga de Primera 2026 y marcar\u00e1 un punto crucial en la carrera del entrenador.<\/p>\n<p><small><i><strong>Aviso de transparencia:<\/strong> Este art\u00edculo ha sido elaborado con la asistencia de Inteligencia Artificial para optimizar el procesamiento de informaci\u00f3n. Sin embargo, todo el contenido ha sido revisado, editado y validado por el equipo period\u00edstico de <strong><a href=\"https:\/\/laserenaradio.cl\/web\/\">LaSerenaRadio.cl<\/a><\/strong>, garantizando nuestra l\u00ednea editorial y veracidad informativa.<\/i><\/small><\/p>\n","protected":false},"excerpt":{"rendered":"<p>El entrenador argentino Francisco Meneghini enfrenta una compleja situaci\u00f3n como director t\u00e9cnico de Universidad de Chile, con apenas dos meses en el cargo. Meneghini vive un momento cr\u00edtico dirigiendo al rom\u00e1ntico viajero, especialmente con partidos cruciales en su agenda. Uno de ellos es el Supercl\u00e1sico 199 ante Colo Colo, seguido por la Copa Sudamericana contra [&hellip;]<\/p>\n","protected":false},"author":2,"featured_media":24176,"comment_status":"closed","ping_status":"open","sticky":false,"template":"","format":"standard","meta":{"_jetpack_memberships_contains_paid_content":false,"jnews-multi-image_gallery":[],"jnews_single_post":[],"jnews_primary_category":[],"jnews_social_meta":[],"jnews_paywall_metabox":[],"jnews_review":[],"enable_review":"","type":"","name":"","summary":"","brand":"","sku":"","good":[],"bad":[],"score_override":"","override_value":"","rating":[],"price":[],"jnews_override_counter":[],"jnews_post_split":[],"footnotes":""},"categories":[84],"tags":[],"class_list":["post-24177","post","type-post","status-publish","format-standard","has-post-thumbnail","hentry","category-deportes"],"jetpack_featured_media_url":"https:\/\/laserenaradio.cl\/web\/wp-content\/uploads\/2026\/02\/mediapiaiextstaticimg_webpUniversidadChileChileequipobienPaquiMeneghini_source.webp","jetpack_sharing_enabled":true,"_links":{"self":[{"href":"https:\/\/laserenaradio.cl\/web\/wp-json\/wp\/v2\/posts\/24177","targetHints":{"allow":["GET"]}}],"collection":[{"href":"https:\/\/laserenaradio.cl\/web\/wp-json\/wp\/v2\/posts"}],"about":[{"href":"https:\/\/laserenaradio.cl\/web\/wp-json\/wp\/v2\/types\/post"}],"author":[{"embeddable":true,"href":"https:\/\/laserenaradio.cl\/web\/wp-json\/wp\/v2\/users\/2"}],"replies":[{"embeddable":true,"href":"https:\/\/laserenaradio.cl\/web\/wp-json\/wp\/v2\/comments?post=24177"}],"version-history":[{"count":1,"href":"https:\/\/laserenaradio.cl\/web\/wp-json\/wp\/v2\/posts\/24177\/revisions"}],"predecessor-version":[{"id":24178,"href":"https:\/\/laserenaradio.cl\/web\/wp-json\/wp\/v2\/posts\/24177\/revisions\/24178"}],"wp:featuredmedia":[{"embeddable":true,"href":"https:\/\/laserenaradio.cl\/web\/wp-json\/wp\/v2\/media\/24176"}],"wp:attachment":[{"href":"https:\/\/laserenaradio.cl\/web\/wp-json\/wp\/v2\/media?parent=24177"}],"wp:term":[{"taxonomy":"category","embeddable":true,"href":"https:\/\/laserenaradio.cl\/web\/wp-json\/wp\/v2\/categories?post=24177"},{"taxonomy":"post_tag","embeddable":true,"href":"https:\/\/laserenaradio.cl\/web\/wp-json\/wp\/v2\/tags?post=24177"}],"curies":[{"name":"wp","href":"https:\/\/api.w.org\/{rel}","templated":true}]}}