{"id":24168,"date":"2026-02-25T23:02:55","date_gmt":"2026-02-26T02:02:55","guid":{"rendered":"https:\/\/laserenaradio.cl\/web\/?p=24168"},"modified":"2026-02-25T23:02:55","modified_gmt":"2026-02-26T02:02:55","slug":"dos-internos-desaparecen-en-la-penitenciaria-de-santiago","status":"publish","type":"post","link":"https:\/\/laserenaradio.cl\/web\/2026\/02\/25\/dos-internos-desaparecen-en-la-penitenciaria-de-santiago\/","title":{"rendered":"Dos internos desaparecen en la Penitenciar\u00eda de Santiago"},"content":{"rendered":"<p>Altas autoridades de Gobierno se trasladaron hasta la ex Penitenciar\u00eda de Santiago tras detectarse la ausencia de dos internos durante el conteo de las 17:00 horas. El subsecretario de Justicia, Ernesto Mu\u00f1oz, acompa\u00f1ado del director nacional de <a href=\"http:\/\/www.gendarmeria.gob.cl\/\">Gendarmer\u00eda<\/a>, Rub\u00e9n P\u00e9rez, se encuentra en el lugar para supervisar personalmente las diligencias que buscan dar con el paradero de los reclusos no habidos.<\/p>\n<p>Pasadas las 5.00 de la tarde en el procedimiento habitual de cuenta se detect\u00f3 que hab\u00eda dos internos que no estaban habidos dentro de ese procedimiento. De esto de inmediato se alert\u00f3 operativamente a todas las unidades que en este caso est\u00e1n en la actualidad realizando tambi\u00e9n con apoyo de los grupos especiales distintos operativos y tambi\u00e9n un censo.<\/p>\n<p>El subsecretario de Justicia, Ernesto Mu\u00f1oz, entreg\u00f3 los primeros antecedentes oficiales del caso que mantiene en alerta a <a href=\"http:\/\/www.gendarmeria.gob.cl\/\">Gendarmer\u00eda<\/a>. &#8220;Muy buenas noches. Adicionalmente, mencionar que el censo es un procedimiento que va uno a uno para determinar la identidad de todos los m\u00e1s de 6.000 internos de la Penitenciar\u00eda y de esa manera, de manera fehaciente, saber si efectivamente estas dos personas est\u00e1n faltando en este establecimiento penal&#8221;, dijo el Subsecretario.<\/p>\n<p>Adem\u00e1s, no podemos indicar por razones de seguridad ni confirmar la identidad; s\u00ed indicar que en otras oportunidades se ha encontrado que estas personas se han escondido dentro de la unidad. Por lo tanto, las unidades especiales tambi\u00e9n con unidades caninas est\u00e1n en estos momentos registrando la Penitenciar\u00eda para descartar que estas personas est\u00e9n todav\u00eda dentro, a\u00f1adi\u00f3 la autoridad.<\/p>\n<p>El subsecretario Mu\u00f1oz enfatiz\u00f3 que el operativo desplegado busca agotar todas las posibilidades antes de confirmar una eventual fuga.<\/p>\n<p><small><i><strong>Aviso de transparencia:<\/strong> Este art\u00edculo ha sido elaborado con la asistencia de Inteligencia Artificial para optimizar el procesamiento de informaci\u00f3n. Sin embargo, todo el contenido ha sido revisado, editado y validado por el equipo period\u00edstico de <strong><a href=\"https:\/\/laserenaradio.cl\/web\/\">LaSerenaRadio.cl<\/a><\/strong>, garantizando nuestra l\u00ednea editorial y veracidad informativa.<\/i><\/small><\/p>\n","protected":false},"excerpt":{"rendered":"<p>Altas autoridades de Gobierno se trasladaron hasta la ex Penitenciar\u00eda de Santiago tras detectarse la ausencia de dos internos durante el conteo de las 17:00 horas. El subsecretario de Justicia, Ernesto Mu\u00f1oz, acompa\u00f1ado del director nacional de Gendarmer\u00eda, Rub\u00e9n P\u00e9rez, se encuentra en el lugar para supervisar personalmente las diligencias que buscan dar con el [&hellip;]<\/p>\n","protected":false},"author":2,"featured_media":9078,"comment_status":"closed","ping_status":"open","sticky":false,"template":"","format":"standard","meta":{"_jetpack_memberships_contains_paid_content":false,"jnews-multi-image_gallery":[],"jnews_single_post":[],"jnews_primary_category":[],"jnews_social_meta":[],"jnews_paywall_metabox":[],"jnews_review":[],"enable_review":"","type":"","name":"","summary":"","brand":"","sku":"","good":[],"bad":[],"score_override":"","override_value":"","rating":[],"price":[],"jnews_override_counter":[],"jnews_post_split":[],"footnotes":""},"categories":[21],"tags":[],"class_list":["post-24168","post","type-post","status-publish","format-standard","has-post-thumbnail","hentry","category-nacional"],"jetpack_featured_media_url":"https:\/\/laserenaradio.cl\/web\/wp-content\/uploads\/2024\/12\/laserenaradio_ultimo_minuto.webp","jetpack_sharing_enabled":true,"_links":{"self":[{"href":"https:\/\/laserenaradio.cl\/web\/wp-json\/wp\/v2\/posts\/24168","targetHints":{"allow":["GET"]}}],"collection":[{"href":"https:\/\/laserenaradio.cl\/web\/wp-json\/wp\/v2\/posts"}],"about":[{"href":"https:\/\/laserenaradio.cl\/web\/wp-json\/wp\/v2\/types\/post"}],"author":[{"embeddable":true,"href":"https:\/\/laserenaradio.cl\/web\/wp-json\/wp\/v2\/users\/2"}],"replies":[{"embeddable":true,"href":"https:\/\/laserenaradio.cl\/web\/wp-json\/wp\/v2\/comments?post=24168"}],"version-history":[{"count":1,"href":"https:\/\/laserenaradio.cl\/web\/wp-json\/wp\/v2\/posts\/24168\/revisions"}],"predecessor-version":[{"id":24169,"href":"https:\/\/laserenaradio.cl\/web\/wp-json\/wp\/v2\/posts\/24168\/revisions\/24169"}],"wp:featuredmedia":[{"embeddable":true,"href":"https:\/\/laserenaradio.cl\/web\/wp-json\/wp\/v2\/media\/9078"}],"wp:attachment":[{"href":"https:\/\/laserenaradio.cl\/web\/wp-json\/wp\/v2\/media?parent=24168"}],"wp:term":[{"taxonomy":"category","embeddable":true,"href":"https:\/\/laserenaradio.cl\/web\/wp-json\/wp\/v2\/categories?post=24168"},{"taxonomy":"post_tag","embeddable":true,"href":"https:\/\/laserenaradio.cl\/web\/wp-json\/wp\/v2\/tags?post=24168"}],"curies":[{"name":"wp","href":"https:\/\/api.w.org\/{rel}","templated":true}]}}