{"id":24166,"date":"2026-02-25T22:56:13","date_gmt":"2026-02-26T01:56:13","guid":{"rendered":"https:\/\/laserenaradio.cl\/web\/?p=24166"},"modified":"2026-02-25T22:56:13","modified_gmt":"2026-02-26T01:56:13","slug":"alerta-roja-en-tres-comunas-de-la-araucania-por-incendios-forestales","status":"publish","type":"post","link":"https:\/\/laserenaradio.cl\/web\/2026\/02\/25\/alerta-roja-en-tres-comunas-de-la-araucania-por-incendios-forestales\/","title":{"rendered":"Alerta Roja en tres comunas de La Araucan\u00eda por incendios forestales."},"content":{"rendered":"<p>Al menos tres comunas permanecen bajo Alerta Roja este mi\u00e9rcoles en la regi\u00f3n de La Araucan\u00eda debido a incendios forestales severos. En la comuna de Perquenco, al norte de Temuco, se combate un siniestro conocido como &#8216;Guacolda 2&#8217;. Las llamas obligaron a activar una Alerta Roja y SAE en sectores como Guacolda y Llancamil, con personas evacuadas hacia zonas seguras. Se trata de terreno agr\u00edcola con deshechos resecos que han acelerado el avance del fuego.<\/p>\n<p>Personal de Conaf y <a href=\"https:\/\/www.bomberos.cl\/\">Bomberos<\/a> de diversas ciudades se ha desplegado para combatir la emergencia; m\u00e1s de 278 hect\u00e1reas est\u00e1n arrasadas en esta zona. <\/p>\n<p>Por su parte, la comuna de Lumaco tambi\u00e9n presenta un incendio forestal conocido como &#8216;Lumaquina&#8217;, manteni\u00e9ndola con Alerta Roja. Equipos t\u00e9cnicos de Conaf y <a href=\"http:\/\/www.senapred.cl\">Senapred<\/a> Araucan\u00eda trabajan para controlar el siniestro.<\/p>\n<p>Finalmente, la comuna de Galvarino enfrenta el incendio &#8216;Llufquentue 3&#8217;, con m\u00e1s de 110 hect\u00e1reas consumidas. Este fuego mantiene un comportamiento extremo en todos sus sectores.<\/p>\n<p><small><i><strong>Aviso de transparencia:<\/strong> Este art\u00edculo ha sido elaborado con la asistencia de Inteligencia Artificial para optimizar el procesamiento de informaci\u00f3n. Sin embargo, todo el contenido ha sido revisado, editado y validado por el equipo period\u00edstico de <strong><a href=\"https:\/\/laserenaradio.cl\/web\/\">LaSerenaRadio.cl<\/a><\/strong>, garantizando nuestra l\u00ednea editorial y veracidad informativa.<\/i><\/small><\/p>\n","protected":false},"excerpt":{"rendered":"<p>Al menos tres comunas permanecen bajo Alerta Roja este mi\u00e9rcoles en la regi\u00f3n de La Araucan\u00eda debido a incendios forestales severos. En la comuna de Perquenco, al norte de Temuco, se combate un siniestro conocido como &#8216;Guacolda 2&#8217;. Las llamas obligaron a activar una Alerta Roja y SAE en sectores como Guacolda y Llancamil, con [&hellip;]<\/p>\n","protected":false},"author":2,"featured_media":24165,"comment_status":"closed","ping_status":"open","sticky":false,"template":"","format":"standard","meta":{"_jetpack_memberships_contains_paid_content":false,"jnews-multi-image_gallery":[],"jnews_single_post":[],"jnews_primary_category":[],"jnews_social_meta":[],"jnews_paywall_metabox":[],"jnews_review":[],"enable_review":"","type":"","name":"","summary":"","brand":"","sku":"","good":[],"bad":[],"score_override":"","override_value":"","rating":[],"price":[],"jnews_override_counter":[],"jnews_post_split":[],"footnotes":""},"categories":[21],"tags":[],"class_list":["post-24166","post","type-post","status-publish","format-standard","has-post-thumbnail","hentry","category-nacional"],"jetpack_featured_media_url":"https:\/\/laserenaradio.cl\/web\/wp-content\/uploads\/2026\/02\/mediapiaiextstaticimg_webpAlertaRojacomunatrescomunas_0.webp","jetpack_sharing_enabled":true,"_links":{"self":[{"href":"https:\/\/laserenaradio.cl\/web\/wp-json\/wp\/v2\/posts\/24166","targetHints":{"allow":["GET"]}}],"collection":[{"href":"https:\/\/laserenaradio.cl\/web\/wp-json\/wp\/v2\/posts"}],"about":[{"href":"https:\/\/laserenaradio.cl\/web\/wp-json\/wp\/v2\/types\/post"}],"author":[{"embeddable":true,"href":"https:\/\/laserenaradio.cl\/web\/wp-json\/wp\/v2\/users\/2"}],"replies":[{"embeddable":true,"href":"https:\/\/laserenaradio.cl\/web\/wp-json\/wp\/v2\/comments?post=24166"}],"version-history":[{"count":1,"href":"https:\/\/laserenaradio.cl\/web\/wp-json\/wp\/v2\/posts\/24166\/revisions"}],"predecessor-version":[{"id":24167,"href":"https:\/\/laserenaradio.cl\/web\/wp-json\/wp\/v2\/posts\/24166\/revisions\/24167"}],"wp:featuredmedia":[{"embeddable":true,"href":"https:\/\/laserenaradio.cl\/web\/wp-json\/wp\/v2\/media\/24165"}],"wp:attachment":[{"href":"https:\/\/laserenaradio.cl\/web\/wp-json\/wp\/v2\/media?parent=24166"}],"wp:term":[{"taxonomy":"category","embeddable":true,"href":"https:\/\/laserenaradio.cl\/web\/wp-json\/wp\/v2\/categories?post=24166"},{"taxonomy":"post_tag","embeddable":true,"href":"https:\/\/laserenaradio.cl\/web\/wp-json\/wp\/v2\/tags?post=24166"}],"curies":[{"name":"wp","href":"https:\/\/api.w.org\/{rel}","templated":true}]}}