{"id":24163,"date":"2026-02-25T20:39:42","date_gmt":"2026-02-25T23:39:42","guid":{"rendered":"https:\/\/laserenaradio.cl\/web\/?p=24163"},"modified":"2026-02-25T20:39:42","modified_gmt":"2026-02-25T23:39:42","slug":"corte-de-suministro-electrico-afecta-a-11359-clientes-en-temuco","status":"publish","type":"post","link":"https:\/\/laserenaradio.cl\/web\/2026\/02\/25\/corte-de-suministro-electrico-afecta-a-11359-clientes-en-temuco\/","title":{"rendered":"Corte de suministro el\u00e9ctrico afecta a 11359 clientes en Temuco"},"content":{"rendered":"<p>Se ha reportado un corte de energ\u00eda de emergencia en la comuna de Temuco.<\/p>\n<p>Seg\u00fan la informaci\u00f3n proporcionada por CGE, el incidente afecta actualmente a 11359 clientes.<\/p>\n<p>La zona afectada comprende los sectores de: 0594, Volc\u00e1n Tolhuaca, Villa Praderas de Don Joaquin, Comunidad Antonio Colines, Labranza, Temuco, Provincia de Caut\u00edn, Regi\u00f3n de la Araucan\u00eda, Chile<\/p>\n<p>Detalle t\u00e9cnico: Clientes afectados: 11359<br \/>Restauraci&#243;n estimada: 26\/02\/2026 06:00 hrs<\/p>\n<p>Recomendaciones<\/p>\n<p>Mantenga sus dispositivos cargados y evite abrir refrigeradores innecesariamente para conservar el fr\u00edo.<\/p>\n","protected":false},"excerpt":{"rendered":"<p>Se ha reportado un corte de energ\u00eda de emergencia en la comuna de Temuco. Seg\u00fan la informaci\u00f3n proporcionada por CGE, el incidente afecta actualmente a 11359 clientes. La zona afectada comprende los sectores de: 0594, Volc\u00e1n Tolhuaca, Villa Praderas de Don Joaquin, Comunidad Antonio Colines, Labranza, Temuco, Provincia de Caut\u00edn, Regi\u00f3n de la Araucan\u00eda, Chile [&hellip;]<\/p>\n","protected":false},"author":2,"featured_media":9076,"comment_status":"closed","ping_status":"open","sticky":false,"template":"","format":"standard","meta":{"_jetpack_memberships_contains_paid_content":false,"jnews-multi-image_gallery":[],"jnews_single_post":[],"jnews_primary_category":[],"jnews_social_meta":[],"jnews_paywall_metabox":[],"jnews_review":[],"enable_review":"","type":"","name":"","summary":"","brand":"","sku":"","good":[],"bad":[],"score_override":"","override_value":"","rating":[],"price":[],"jnews_override_counter":[],"jnews_post_split":[],"footnotes":""},"categories":[21],"tags":[],"class_list":["post-24163","post","type-post","status-publish","format-standard","has-post-thumbnail","hentry","category-nacional"],"jetpack_featured_media_url":"https:\/\/laserenaradio.cl\/web\/wp-content\/uploads\/2024\/12\/laserenaradio_nacional.webp","jetpack_sharing_enabled":true,"_links":{"self":[{"href":"https:\/\/laserenaradio.cl\/web\/wp-json\/wp\/v2\/posts\/24163","targetHints":{"allow":["GET"]}}],"collection":[{"href":"https:\/\/laserenaradio.cl\/web\/wp-json\/wp\/v2\/posts"}],"about":[{"href":"https:\/\/laserenaradio.cl\/web\/wp-json\/wp\/v2\/types\/post"}],"author":[{"embeddable":true,"href":"https:\/\/laserenaradio.cl\/web\/wp-json\/wp\/v2\/users\/2"}],"replies":[{"embeddable":true,"href":"https:\/\/laserenaradio.cl\/web\/wp-json\/wp\/v2\/comments?post=24163"}],"version-history":[{"count":1,"href":"https:\/\/laserenaradio.cl\/web\/wp-json\/wp\/v2\/posts\/24163\/revisions"}],"predecessor-version":[{"id":24164,"href":"https:\/\/laserenaradio.cl\/web\/wp-json\/wp\/v2\/posts\/24163\/revisions\/24164"}],"wp:featuredmedia":[{"embeddable":true,"href":"https:\/\/laserenaradio.cl\/web\/wp-json\/wp\/v2\/media\/9076"}],"wp:attachment":[{"href":"https:\/\/laserenaradio.cl\/web\/wp-json\/wp\/v2\/media?parent=24163"}],"wp:term":[{"taxonomy":"category","embeddable":true,"href":"https:\/\/laserenaradio.cl\/web\/wp-json\/wp\/v2\/categories?post=24163"},{"taxonomy":"post_tag","embeddable":true,"href":"https:\/\/laserenaradio.cl\/web\/wp-json\/wp\/v2\/tags?post=24163"}],"curies":[{"name":"wp","href":"https:\/\/api.w.org\/{rel}","templated":true}]}}