{"id":24158,"date":"2026-02-25T20:33:06","date_gmt":"2026-02-25T23:33:06","guid":{"rendered":"https:\/\/laserenaradio.cl\/web\/?p=24158"},"modified":"2026-02-25T20:33:06","modified_gmt":"2026-02-25T23:33:06","slug":"prision-preventiva-por-femicidio-frustrado-en-alto-hospicio","status":"publish","type":"post","link":"https:\/\/laserenaradio.cl\/web\/2026\/02\/25\/prision-preventiva-por-femicidio-frustrado-en-alto-hospicio\/","title":{"rendered":"Prisi\u00f3n preventiva por femicidio frustrado en Alto Hospicio"},"content":{"rendered":"<p>El Juzgado de Garant\u00eda de Alto Hospicio decret\u00f3 la prisi\u00f3n preventiva para un hombre formalizado por el delito de femicidio frustrado.<\/p>\n<p>Identificado con las iniciales V.S.T.M., y de nacionalidad boliviana, el acusado fue vinculado a una agresi\u00f3n mortal contra su expareja en El Boro de la comuna. <\/p>\n<p>El ataque ocurri\u00f3 al mediod\u00eda del martes 24 de febrero, cuando el imputado lleg\u00f3 hasta el domicilio de la v\u00edctima en el campamento Alto Molle.<\/p>\n<p>Aguada por una discusi\u00f3n, el hombre agredi\u00f3 a su pareja con un cuchillo, caus\u00e1ndole m\u00faltiples pu\u00f1aladas en la zona cervical y tor\u00e1cica, adem\u00e1s de otras partes del cuerpo. <\/p>\n<p>La intenci\u00f3n era provocar la muerte de la mujer; sin embargo, la hermana de la v\u00edctima interrumpi\u00f3 el ataque, resultando esta con una lesi\u00f3n cortante en una pierna.<\/p>\n<p>Producto de las pu\u00f1aladas, la expareja sufri\u00f3 heridas vitales que amenazaban su vida; actualmente se encuentra internada en el Hospital Regional de Iquique. <\/p>\n<p>De acuerdo a la <a href=\"https:\/\/www.fiscaliadechile.cl\/\">Fiscal\u00eda<\/a>, el imputado tambi\u00e9n autolesion\u00f3 su cuello con el arma utilizada, por lo que se encuentra hospitalizado bajo custodia.<\/p>\n<p>Diversas diligencias fueron desarrolladas por la Unidad de G\u00e9nero de la <a href=\"https:\/\/www.fiscaliadechile.cl\/\">Fiscal\u00eda<\/a> y personal del OS9 y Labocar de <a href=\"https:\/\/www.carabineros.cl\/\">Carabineros<\/a>. <\/p>\n<p>Estas incluyeron declaraciones de testigos, registros de c\u00e1maras de seguridad y antecedentes m\u00e9dicos que acreditan el car\u00e1cter grave y potencialmente mortal de las lesiones.<\/p>\n<p>El tribunal acogi\u00f3 la solicitud del Ministerio P\u00fablico y orden\u00f3 la prisi\u00f3n preventiva del imputado. <\/p>\n<p>Se considera que su libertad representa un peligro para la seguridad de la v\u00edctima y la sociedad, y se estableci\u00f3 un plazo de 90 d\u00edas para la investigaci\u00f3n.<\/p>\n<p><small><i><strong>Aviso de transparencia:<\/strong> Este art\u00edculo ha sido elaborado con la asistencia de Inteligencia Artificial para optimizar el procesamiento de informaci\u00f3n. Sin embargo, todo el contenido ha sido revisado, editado y validado por el equipo period\u00edstico de <strong><a href=\"https:\/\/laserenaradio.cl\/web\/\">LaSerenaRadio.cl<\/a><\/strong>, garantizando nuestra l\u00ednea editorial y veracidad informativa.<\/i><\/small><\/p>\n","protected":false},"excerpt":{"rendered":"<p>El Juzgado de Garant\u00eda de Alto Hospicio decret\u00f3 la prisi\u00f3n preventiva para un hombre formalizado por el delito de femicidio frustrado. Identificado con las iniciales V.S.T.M., y de nacionalidad boliviana, el acusado fue vinculado a una agresi\u00f3n mortal contra su expareja en El Boro de la comuna. El ataque ocurri\u00f3 al mediod\u00eda del martes 24 [&hellip;]<\/p>\n","protected":false},"author":2,"featured_media":24157,"comment_status":"closed","ping_status":"open","sticky":false,"template":"","format":"standard","meta":{"_jetpack_memberships_contains_paid_content":false,"jnews-multi-image_gallery":[],"jnews_single_post":[],"jnews_primary_category":[],"jnews_social_meta":[],"jnews_paywall_metabox":[],"jnews_review":[],"enable_review":"","type":"","name":"","summary":"","brand":"","sku":"","good":[],"bad":[],"score_override":"","override_value":"","rating":[],"price":[],"jnews_override_counter":[],"jnews_post_split":[],"footnotes":""},"categories":[21],"tags":[],"class_list":["post-24158","post","type-post","status-publish","format-standard","has-post-thumbnail","hentry","category-nacional"],"jetpack_featured_media_url":"https:\/\/laserenaradio.cl\/web\/wp-content\/uploads\/2026\/02\/mediapiaiextstaticimg_webppreventivaimputadoAltoHospiciohombre_0.webp","jetpack_sharing_enabled":true,"_links":{"self":[{"href":"https:\/\/laserenaradio.cl\/web\/wp-json\/wp\/v2\/posts\/24158","targetHints":{"allow":["GET"]}}],"collection":[{"href":"https:\/\/laserenaradio.cl\/web\/wp-json\/wp\/v2\/posts"}],"about":[{"href":"https:\/\/laserenaradio.cl\/web\/wp-json\/wp\/v2\/types\/post"}],"author":[{"embeddable":true,"href":"https:\/\/laserenaradio.cl\/web\/wp-json\/wp\/v2\/users\/2"}],"replies":[{"embeddable":true,"href":"https:\/\/laserenaradio.cl\/web\/wp-json\/wp\/v2\/comments?post=24158"}],"version-history":[{"count":1,"href":"https:\/\/laserenaradio.cl\/web\/wp-json\/wp\/v2\/posts\/24158\/revisions"}],"predecessor-version":[{"id":24159,"href":"https:\/\/laserenaradio.cl\/web\/wp-json\/wp\/v2\/posts\/24158\/revisions\/24159"}],"wp:featuredmedia":[{"embeddable":true,"href":"https:\/\/laserenaradio.cl\/web\/wp-json\/wp\/v2\/media\/24157"}],"wp:attachment":[{"href":"https:\/\/laserenaradio.cl\/web\/wp-json\/wp\/v2\/media?parent=24158"}],"wp:term":[{"taxonomy":"category","embeddable":true,"href":"https:\/\/laserenaradio.cl\/web\/wp-json\/wp\/v2\/categories?post=24158"},{"taxonomy":"post_tag","embeddable":true,"href":"https:\/\/laserenaradio.cl\/web\/wp-json\/wp\/v2\/tags?post=24158"}],"curies":[{"name":"wp","href":"https:\/\/api.w.org\/{rel}","templated":true}]}}